{"id":749,"date":"2024-11-04T11:36:00","date_gmt":"2024-11-04T14:36:00","guid":{"rendered":"https:\/\/grupoaspas.com\/?p=749"},"modified":"2025-10-22T09:41:25","modified_gmt":"2025-10-22T12:41:25","slug":"childrens-rights-not-deceptive-patterns-by-design-a-requirements-perspective-2-2-3-4","status":"publish","type":"post","link":"https:\/\/grupoaspas.com\/?p=749","title":{"rendered":"Racismo Algor\u00edtmico no Desenvolvimento de Software um Estudo de Caso sobre Letramento Racial no Ensino Superior"},"content":{"rendered":"\t\t<div data-elementor-type=\"wp-post\" data-elementor-id=\"749\" class=\"elementor elementor-749\" data-elementor-post-type=\"post\">\n\t\t\t\t<div class=\"elementor-element elementor-element-55079750 e-flex e-con-boxed e-con e-parent\" data-id=\"55079750\" data-element_type=\"container\" data-e-type=\"container\">\n\t\t\t\t\t<div class=\"e-con-inner\">\n\t\t\t\t<div class=\"elementor-element elementor-element-6949b400 elementor-widget elementor-widget-text-editor\" data-id=\"6949b400\" data-element_type=\"widget\" data-e-type=\"widget\" data-widget_type=\"text-editor.default\">\n\t\t\t\t<div class=\"elementor-widget-container\">\n\t\t\t\t\t\t\t\t\t\n<p><a href=\"https:\/\/sol.sbc.org.br\/index.php\/sbie\/issue\/view\/1387\" target=\"_blank\" rel=\"noopener\"><strong>XXXV Simp\u00f3sio Brasileiro de Inform\u00e1tica na Educa\u00e7\u00e3o (SBIE 2024), XIII Congresso Brasileiro de Inform\u00e1tica na Educa\u00e7\u00e3o (CBIE 2024)<\/strong><\/a><\/p>\n<p><span style=\"color: #000000;\"><strong>Cidade do Rio de Janeiro, Rio de Janeiro, Brasil (4-8 de Novembro de 2024)<\/strong><\/span><\/p>\n<p><span style=\"color: #000000;\"><strong>Abstract:<\/strong> This article presents a case study on the topic of algorithmic racism in software development, focusing on racial literacy in higher education. The study involved students and instructors at the Federal Rural University of Pernambuco (Brazil) to investigate their level of knowledge about algorithmic racism. The main objective was to understand whether this knowledge is present in any way in courses related to information technology. The results reveal important insights into awareness and understanding of algorithmic racism within academia, highlighting areas of opportunity to promote more inclusive and comprehensive teaching on these crucial issues in the technology industry.<\/span><\/p>\n\n<p><strong><a href=\"https:\/\/sol.sbc.org.br\/index.php\/sbie\/article\/view\/31404\/31207\" target=\"_blank\" rel=\"noopener\" data-type=\"link\" data-id=\"https:\/\/drive.google.com\/file\/d\/16S3WD_puN8z4a5xE10bvZCrsodPr0O8i\/view?usp=sharing\">Leia o artigo completo aqui<\/a><\/strong><\/p>\n\n<p>\u00a0<\/p>\n\t\t\t\t\t\t\t\t<\/div>\n\t\t\t\t<\/div>\n\t\t\t\t\t<\/div>\n\t\t\t\t<\/div>\n\t\t\t\t<\/div>\n\t\t","protected":false},"excerpt":{"rendered":"<p>@inproceedings{silva2024racismo,<br \/>\ntitle={Racismo Algor{\\&#8217;\\i}tmico no Desenvolvimento de Software: um Estudo de Caso sobre Letramento Racial no Ensino Superior},<br \/>\nauthor={Silva, Jamelly Nascimento and Valen{\\c{c}}a, George and Falcao, Taciana Pontual},<br \/>\nbooktitle={Simp{\\&#8217;o}sio Brasileiro de Inform{\\&#8217;a}tica na Educa{\\c{c}}{\\~a}o (SBIE)},<br \/>\npages={2403&#8211;2416},<br \/>\nyear={2024},<br \/>\norganization={SBC}<br \/>\n}<\/p>\n","protected":false},"author":1,"featured_media":0,"comment_status":"open","ping_status":"open","sticky":false,"template":"","format":"standard","meta":{"_acf_changed":false,"footnotes":""},"categories":[35,1],"tags":[9,31,7,14,15,21,32,30],"class_list":["post-749","post","type-post","status-publish","format-standard","hentry","category-discriminacao","category-sem-categoria","tag-apps","tag-child-labor","tag-criancas","tag-design-manipulativo","tag-instagram","tag-kidinfluencers","tag-social-network","tag-tiktok"],"acf":[],"yoast_head":"<!-- This site is optimized with the Yoast SEO plugin v25.3 - https:\/\/yoast.com\/wordpress\/plugins\/seo\/ -->\n<title>Racismo Algor\u00edtmico no Desenvolvimento de Software um Estudo de Caso sobre Letramento Racial no Ensino Superior - ASPAS - Aspectos Sociot\u00e9cnicos em Plataformas de Software<\/title>\n<meta name=\"robots\" content=\"index, follow, max-snippet:-1, max-image-preview:large, max-video-preview:-1\" \/>\n<link rel=\"canonical\" href=\"https:\/\/grupoaspas.com\/?p=749\" \/>\n<meta property=\"og:locale\" content=\"pt_BR\" \/>\n<meta property=\"og:type\" content=\"article\" \/>\n<meta property=\"og:title\" content=\"Racismo Algor\u00edtmico no Desenvolvimento de Software um Estudo de Caso sobre Letramento Racial no Ensino Superior - ASPAS - Aspectos Sociot\u00e9cnicos em Plataformas de Software\" \/>\n<meta property=\"og:description\" content=\"@inproceedings{silva2024racismo, title={Racismo Algor{&#039;i}tmico no Desenvolvimento de Software: um Estudo de Caso sobre Letramento Racial no Ensino Superior}, author={Silva, Jamelly Nascimento and Valen{c{c}}a, George and Falcao, Taciana Pontual}, booktitle={Simp{&#039;o}sio Brasileiro de Inform{&#039;a}tica na Educa{c{c}}{~a}o (SBIE)}, pages={2403--2416}, year={2024}, organization={SBC} }\" \/>\n<meta property=\"og:url\" content=\"https:\/\/grupoaspas.com\/?p=749\" \/>\n<meta property=\"og:site_name\" content=\"ASPAS - Aspectos Sociot\u00e9cnicos em Plataformas de Software\" \/>\n<meta property=\"article:published_time\" content=\"2024-11-04T14:36:00+00:00\" \/>\n<meta property=\"article:modified_time\" content=\"2025-10-22T12:41:25+00:00\" \/>\n<meta name=\"author\" content=\"GeorgeValenca2024\" \/>\n<meta name=\"twitter:card\" content=\"summary_large_image\" \/>\n<meta name=\"twitter:label1\" content=\"Escrito por\" \/>\n\t<meta name=\"twitter:data1\" content=\"GeorgeValenca2024\" \/>\n\t<meta name=\"twitter:label2\" content=\"Est. tempo de leitura\" \/>\n\t<meta name=\"twitter:data2\" content=\"1 minuto\" \/>\n<script type=\"application\/ld+json\" class=\"yoast-schema-graph\">{\"@context\":\"https:\/\/schema.org\",\"@graph\":[{\"@type\":\"Article\",\"@id\":\"https:\/\/grupoaspas.com\/?p=749#article\",\"isPartOf\":{\"@id\":\"https:\/\/grupoaspas.com\/?p=749\"},\"author\":{\"name\":\"GeorgeValenca2024\",\"@id\":\"https:\/\/grupoaspas.com\/#\/schema\/person\/7f162412e9bff9494b1da8db5b990590\"},\"headline\":\"Racismo Algor\u00edtmico no Desenvolvimento de Software um Estudo de Caso sobre Letramento Racial no Ensino Superior\",\"datePublished\":\"2024-11-04T14:36:00+00:00\",\"dateModified\":\"2025-10-22T12:41:25+00:00\",\"mainEntityOfPage\":{\"@id\":\"https:\/\/grupoaspas.com\/?p=749\"},\"wordCount\":155,\"commentCount\":0,\"publisher\":{\"@id\":\"https:\/\/grupoaspas.com\/#organization\"},\"keywords\":[\"apps\",\"child labor\",\"crian\u00e7as\",\"design manipulativo\",\"instagram\",\"kidinfluencers\",\"social network\",\"TikTok\"],\"articleSection\":[\"discriminacao\"],\"inLanguage\":\"pt-BR\",\"potentialAction\":[{\"@type\":\"CommentAction\",\"name\":\"Comment\",\"target\":[\"https:\/\/grupoaspas.com\/?p=749#respond\"]}]},{\"@type\":\"WebPage\",\"@id\":\"https:\/\/grupoaspas.com\/?p=749\",\"url\":\"https:\/\/grupoaspas.com\/?p=749\",\"name\":\"Racismo Algor\u00edtmico no Desenvolvimento de Software um Estudo de Caso sobre Letramento Racial no Ensino Superior - ASPAS - Aspectos Sociot\u00e9cnicos em Plataformas de Software\",\"isPartOf\":{\"@id\":\"https:\/\/grupoaspas.com\/#website\"},\"datePublished\":\"2024-11-04T14:36:00+00:00\",\"dateModified\":\"2025-10-22T12:41:25+00:00\",\"breadcrumb\":{\"@id\":\"https:\/\/grupoaspas.com\/?p=749#breadcrumb\"},\"inLanguage\":\"pt-BR\",\"potentialAction\":[{\"@type\":\"ReadAction\",\"target\":[\"https:\/\/grupoaspas.com\/?p=749\"]}]},{\"@type\":\"BreadcrumbList\",\"@id\":\"https:\/\/grupoaspas.com\/?p=749#breadcrumb\",\"itemListElement\":[{\"@type\":\"ListItem\",\"position\":1,\"name\":\"In\u00edcio\",\"item\":\"https:\/\/grupoaspas.com\/\"},{\"@type\":\"ListItem\",\"position\":2,\"name\":\"Racismo Algor\u00edtmico no Desenvolvimento de Software um Estudo de Caso sobre Letramento Racial no Ensino Superior\"}]},{\"@type\":\"WebSite\",\"@id\":\"https:\/\/grupoaspas.com\/#website\",\"url\":\"https:\/\/grupoaspas.com\/\",\"name\":\"Grupo ASPAS\",\"description\":\"Site do Grupo de Pesquisa de Aspectos Sociot\u00e9cnicos em Plataformas de Software da UFRPE\",\"publisher\":{\"@id\":\"https:\/\/grupoaspas.com\/#organization\"},\"alternateName\":\"ASPAS - Aspectos Sociot\u00e9cnicos em Plataformas de Software\",\"potentialAction\":[{\"@type\":\"SearchAction\",\"target\":{\"@type\":\"EntryPoint\",\"urlTemplate\":\"https:\/\/grupoaspas.com\/?s={search_term_string}\"},\"query-input\":{\"@type\":\"PropertyValueSpecification\",\"valueRequired\":true,\"valueName\":\"search_term_string\"}}],\"inLanguage\":\"pt-BR\"},{\"@type\":\"Organization\",\"@id\":\"https:\/\/grupoaspas.com\/#organization\",\"name\":\"ASPAS - Aspectos Sociot\u00e9cnicos em Plataformas de Software\",\"url\":\"https:\/\/grupoaspas.com\/\",\"logo\":{\"@type\":\"ImageObject\",\"inLanguage\":\"pt-BR\",\"@id\":\"https:\/\/grupoaspas.com\/#\/schema\/logo\/image\/\",\"url\":\"https:\/\/grupoaspas.com\/wp-content\/uploads\/2025\/03\/cropped-Frame-337.png\",\"contentUrl\":\"https:\/\/grupoaspas.com\/wp-content\/uploads\/2025\/03\/cropped-Frame-337.png\",\"width\":319,\"height\":88,\"caption\":\"ASPAS - Aspectos Sociot\u00e9cnicos em Plataformas de Software\"},\"image\":{\"@id\":\"https:\/\/grupoaspas.com\/#\/schema\/logo\/image\/\"}},{\"@type\":\"Person\",\"@id\":\"https:\/\/grupoaspas.com\/#\/schema\/person\/7f162412e9bff9494b1da8db5b990590\",\"name\":\"GeorgeValenca2024\",\"image\":{\"@type\":\"ImageObject\",\"inLanguage\":\"pt-BR\",\"@id\":\"https:\/\/grupoaspas.com\/#\/schema\/person\/image\/\",\"url\":\"https:\/\/secure.gravatar.com\/avatar\/4374ed5cba17d4ac1a4530d3ca062d1c?s=96&d=mm&r=g\",\"contentUrl\":\"https:\/\/secure.gravatar.com\/avatar\/4374ed5cba17d4ac1a4530d3ca062d1c?s=96&d=mm&r=g\",\"caption\":\"GeorgeValenca2024\"},\"sameAs\":[\"https:\/\/grupoaspas.com\"],\"url\":\"https:\/\/grupoaspas.com\/?author=1\"}]}<\/script>\n<!-- \/ Yoast SEO plugin. -->","yoast_head_json":{"title":"Racismo Algor\u00edtmico no Desenvolvimento de Software um Estudo de Caso sobre Letramento Racial no Ensino Superior - ASPAS - Aspectos Sociot\u00e9cnicos em Plataformas de Software","robots":{"index":"index","follow":"follow","max-snippet":"max-snippet:-1","max-image-preview":"max-image-preview:large","max-video-preview":"max-video-preview:-1"},"canonical":"https:\/\/grupoaspas.com\/?p=749","og_locale":"pt_BR","og_type":"article","og_title":"Racismo Algor\u00edtmico no Desenvolvimento de Software um Estudo de Caso sobre Letramento Racial no Ensino Superior - ASPAS - Aspectos Sociot\u00e9cnicos em Plataformas de Software","og_description":"@inproceedings{silva2024racismo, title={Racismo Algor{'i}tmico no Desenvolvimento de Software: um Estudo de Caso sobre Letramento Racial no Ensino Superior}, author={Silva, Jamelly Nascimento and Valen{c{c}}a, George and Falcao, Taciana Pontual}, booktitle={Simp{'o}sio Brasileiro de Inform{'a}tica na Educa{c{c}}{~a}o (SBIE)}, pages={2403--2416}, year={2024}, organization={SBC} }","og_url":"https:\/\/grupoaspas.com\/?p=749","og_site_name":"ASPAS - Aspectos Sociot\u00e9cnicos em Plataformas de Software","article_published_time":"2024-11-04T14:36:00+00:00","article_modified_time":"2025-10-22T12:41:25+00:00","author":"GeorgeValenca2024","twitter_card":"summary_large_image","twitter_misc":{"Escrito por":"GeorgeValenca2024","Est. tempo de leitura":"1 minuto"},"schema":{"@context":"https:\/\/schema.org","@graph":[{"@type":"Article","@id":"https:\/\/grupoaspas.com\/?p=749#article","isPartOf":{"@id":"https:\/\/grupoaspas.com\/?p=749"},"author":{"name":"GeorgeValenca2024","@id":"https:\/\/grupoaspas.com\/#\/schema\/person\/7f162412e9bff9494b1da8db5b990590"},"headline":"Racismo Algor\u00edtmico no Desenvolvimento de Software um Estudo de Caso sobre Letramento Racial no Ensino Superior","datePublished":"2024-11-04T14:36:00+00:00","dateModified":"2025-10-22T12:41:25+00:00","mainEntityOfPage":{"@id":"https:\/\/grupoaspas.com\/?p=749"},"wordCount":155,"commentCount":0,"publisher":{"@id":"https:\/\/grupoaspas.com\/#organization"},"keywords":["apps","child labor","crian\u00e7as","design manipulativo","instagram","kidinfluencers","social network","TikTok"],"articleSection":["discriminacao"],"inLanguage":"pt-BR","potentialAction":[{"@type":"CommentAction","name":"Comment","target":["https:\/\/grupoaspas.com\/?p=749#respond"]}]},{"@type":"WebPage","@id":"https:\/\/grupoaspas.com\/?p=749","url":"https:\/\/grupoaspas.com\/?p=749","name":"Racismo Algor\u00edtmico no Desenvolvimento de Software um Estudo de Caso sobre Letramento Racial no Ensino Superior - ASPAS - Aspectos Sociot\u00e9cnicos em Plataformas de Software","isPartOf":{"@id":"https:\/\/grupoaspas.com\/#website"},"datePublished":"2024-11-04T14:36:00+00:00","dateModified":"2025-10-22T12:41:25+00:00","breadcrumb":{"@id":"https:\/\/grupoaspas.com\/?p=749#breadcrumb"},"inLanguage":"pt-BR","potentialAction":[{"@type":"ReadAction","target":["https:\/\/grupoaspas.com\/?p=749"]}]},{"@type":"BreadcrumbList","@id":"https:\/\/grupoaspas.com\/?p=749#breadcrumb","itemListElement":[{"@type":"ListItem","position":1,"name":"In\u00edcio","item":"https:\/\/grupoaspas.com\/"},{"@type":"ListItem","position":2,"name":"Racismo Algor\u00edtmico no Desenvolvimento de Software um Estudo de Caso sobre Letramento Racial no Ensino Superior"}]},{"@type":"WebSite","@id":"https:\/\/grupoaspas.com\/#website","url":"https:\/\/grupoaspas.com\/","name":"Grupo ASPAS","description":"Site do Grupo de Pesquisa de Aspectos Sociot\u00e9cnicos em Plataformas de Software da UFRPE","publisher":{"@id":"https:\/\/grupoaspas.com\/#organization"},"alternateName":"ASPAS - Aspectos Sociot\u00e9cnicos em Plataformas de Software","potentialAction":[{"@type":"SearchAction","target":{"@type":"EntryPoint","urlTemplate":"https:\/\/grupoaspas.com\/?s={search_term_string}"},"query-input":{"@type":"PropertyValueSpecification","valueRequired":true,"valueName":"search_term_string"}}],"inLanguage":"pt-BR"},{"@type":"Organization","@id":"https:\/\/grupoaspas.com\/#organization","name":"ASPAS - Aspectos Sociot\u00e9cnicos em Plataformas de Software","url":"https:\/\/grupoaspas.com\/","logo":{"@type":"ImageObject","inLanguage":"pt-BR","@id":"https:\/\/grupoaspas.com\/#\/schema\/logo\/image\/","url":"https:\/\/grupoaspas.com\/wp-content\/uploads\/2025\/03\/cropped-Frame-337.png","contentUrl":"https:\/\/grupoaspas.com\/wp-content\/uploads\/2025\/03\/cropped-Frame-337.png","width":319,"height":88,"caption":"ASPAS - Aspectos Sociot\u00e9cnicos em Plataformas de Software"},"image":{"@id":"https:\/\/grupoaspas.com\/#\/schema\/logo\/image\/"}},{"@type":"Person","@id":"https:\/\/grupoaspas.com\/#\/schema\/person\/7f162412e9bff9494b1da8db5b990590","name":"GeorgeValenca2024","image":{"@type":"ImageObject","inLanguage":"pt-BR","@id":"https:\/\/grupoaspas.com\/#\/schema\/person\/image\/","url":"https:\/\/secure.gravatar.com\/avatar\/4374ed5cba17d4ac1a4530d3ca062d1c?s=96&d=mm&r=g","contentUrl":"https:\/\/secure.gravatar.com\/avatar\/4374ed5cba17d4ac1a4530d3ca062d1c?s=96&d=mm&r=g","caption":"GeorgeValenca2024"},"sameAs":["https:\/\/grupoaspas.com"],"url":"https:\/\/grupoaspas.com\/?author=1"}]}},"_links":{"self":[{"href":"https:\/\/grupoaspas.com\/index.php?rest_route=\/wp\/v2\/posts\/749","targetHints":{"allow":["GET"]}}],"collection":[{"href":"https:\/\/grupoaspas.com\/index.php?rest_route=\/wp\/v2\/posts"}],"about":[{"href":"https:\/\/grupoaspas.com\/index.php?rest_route=\/wp\/v2\/types\/post"}],"author":[{"embeddable":true,"href":"https:\/\/grupoaspas.com\/index.php?rest_route=\/wp\/v2\/users\/1"}],"replies":[{"embeddable":true,"href":"https:\/\/grupoaspas.com\/index.php?rest_route=%2Fwp%2Fv2%2Fcomments&post=749"}],"version-history":[{"count":20,"href":"https:\/\/grupoaspas.com\/index.php?rest_route=\/wp\/v2\/posts\/749\/revisions"}],"predecessor-version":[{"id":2244,"href":"https:\/\/grupoaspas.com\/index.php?rest_route=\/wp\/v2\/posts\/749\/revisions\/2244"}],"wp:attachment":[{"href":"https:\/\/grupoaspas.com\/index.php?rest_route=%2Fwp%2Fv2%2Fmedia&parent=749"}],"wp:term":[{"taxonomy":"category","embeddable":true,"href":"https:\/\/grupoaspas.com\/index.php?rest_route=%2Fwp%2Fv2%2Fcategories&post=749"},{"taxonomy":"post_tag","embeddable":true,"href":"https:\/\/grupoaspas.com\/index.php?rest_route=%2Fwp%2Fv2%2Ftags&post=749"}],"curies":[{"name":"wp","href":"https:\/\/api.w.org\/{rel}","templated":true}]}}