{"id":2410,"date":"2026-02-11T14:09:33","date_gmt":"2026-02-11T17:09:33","guid":{"rendered":"https:\/\/grupoaspas.com\/?p=2410"},"modified":"2026-03-09T14:21:01","modified_gmt":"2026-03-09T17:21:01","slug":"a-crianca-precisa-estar-protegida-na-internet-nao-afastada-dela-debate","status":"publish","type":"post","link":"https:\/\/grupoaspas.com\/?p=2410","title":{"rendered":"&#8220;A crian\u00e7a precisa estar protegida na internet, n\u00e3o afastada dela&#8217; &#8211; Debate"},"content":{"rendered":"\t\t<div data-elementor-type=\"wp-post\" data-elementor-id=\"2410\" class=\"elementor elementor-2410\" data-elementor-post-type=\"post\">\n\t\t\t\t<div class=\"elementor-element elementor-element-76ea8e7 e-flex e-con-boxed e-con e-parent\" data-id=\"76ea8e7\" data-element_type=\"container\" data-e-type=\"container\">\n\t\t\t\t\t<div class=\"e-con-inner\">\n\t\t\t\t<div class=\"elementor-element elementor-element-f62d9b8 elementor-widget elementor-widget-text-editor\" data-id=\"f62d9b8\" data-element_type=\"widget\" data-e-type=\"widget\" data-widget_type=\"text-editor.default\">\n\t\t\t\t<div class=\"elementor-widget-container\">\n\t\t\t\t\t\t\t\t\t<p><strong>Super Manh\u00e3 na R\u00e1dio Jornal<\/strong><\/p><p><span style=\"color: #000000;\">Debate na R\u00e1dio Jornal reuniu especialistas para discutir limites, dever das plataformas e papel da fam\u00edlia na prote\u00e7\u00e3o digital.<\/span><\/p><p class=\"texto\"><span style=\"color: #000000;\">Para o professor da Universidade Federal Rural de Pernambuco (UFRPE) e cientista-chefe do Tribunal de Contas do Estado (TCE-PE), George Valen\u00e7a, a preocupa\u00e7\u00e3o internacional ganhou for\u00e7a quando pesquisas come\u00e7aram a apontar efeitos mais claros do uso intenso dessas plataformas.<\/span><\/p><p class=\"texto\"><span style=\"color: #000000;\">\u201cA gente come\u00e7ou a perceber impactos que antes n\u00e3o notava. Essas funcionalidades passam a ser, mais obviamente, manipulativas e enganosas\u201d, afirmou.<\/span><\/p><p class=\"texto\"><span style=\"color: #000000;\">Ele ressaltou que a sa\u00edda n\u00e3o \u00e9 retirar o jovem da internet. \u201cA crian\u00e7a precisa estar protegida na internet, n\u00e3o afastada dela, porque a internet tamb\u00e9m oferece oportunidades e benef\u00edcios importantes\u201d, disse. Ao mesmo tempo, defendeu regras mais firmes e informa\u00e7\u00e3o para as fam\u00edlias.<\/span><\/p><p>\u00a0<\/p><p><a href=\"https:\/\/jc.uol.com.br\/radio-jornal\/noticias\/2026\/02\/11\/a-crianca-precisa-estar-protegida-na-internet-nao-afastada-dela-alerta-especialista.html\" target=\"_blank\" rel=\"noopener\">Leia aqui<\/a><\/p><p><a href=\"https:\/\/www.youtube.com\/live\/WRZyiSDbWOE?si=RlBLuVb2QLFlN07A&amp;t=10723\" target=\"_blank\" rel=\"noopener\">Assista aqui<\/a><\/p>\t\t\t\t\t\t\t\t<\/div>\n\t\t\t\t<\/div>\n\t\t\t\t\t<\/div>\n\t\t\t\t<\/div>\n\t\t<div class=\"elementor-element elementor-element-88f3f39 e-flex e-con-boxed e-con e-parent\" data-id=\"88f3f39\" data-element_type=\"container\" data-e-type=\"container\">\n\t\t\t\t\t<div class=\"e-con-inner\">\n\t\t\t\t<div class=\"elementor-element elementor-element-9ba3644 elementor-widget elementor-widget-image\" data-id=\"9ba3644\" data-element_type=\"widget\" data-e-type=\"widget\" data-widget_type=\"image.default\">\n\t\t\t\t<div class=\"elementor-widget-container\">\n\t\t\t\t\t\t\t\t\t\t\t\t\t\t\t<img fetchpriority=\"high\" decoding=\"async\" width=\"768\" height=\"480\" src=\"https:\/\/grupoaspas.com\/wp-content\/uploads\/2026\/02\/Screenshot-2026-03-09-at-17.13.45-768x480.png\" class=\"attachment-medium_large size-medium_large wp-image-2417\" alt=\"\" srcset=\"https:\/\/grupoaspas.com\/wp-content\/uploads\/2026\/02\/Screenshot-2026-03-09-at-17.13.45-768x480.png 768w, https:\/\/grupoaspas.com\/wp-content\/uploads\/2026\/02\/Screenshot-2026-03-09-at-17.13.45-300x188.png 300w, https:\/\/grupoaspas.com\/wp-content\/uploads\/2026\/02\/Screenshot-2026-03-09-at-17.13.45-1024x640.png 1024w, https:\/\/grupoaspas.com\/wp-content\/uploads\/2026\/02\/Screenshot-2026-03-09-at-17.13.45-1536x960.png 1536w, https:\/\/grupoaspas.com\/wp-content\/uploads\/2026\/02\/Screenshot-2026-03-09-at-17.13.45-2048x1280.png 2048w\" sizes=\"(max-width: 768px) 100vw, 768px\" \/>\t\t\t\t\t\t\t\t\t\t\t\t\t\t\t<\/div>\n\t\t\t\t<\/div>\n\t\t\t\t\t<\/div>\n\t\t\t\t<\/div>\n\t\t\t\t<\/div>\n\t\t","protected":false},"excerpt":{"rendered":"<p>Super Manh\u00e3 na R\u00e1dio Jornal Debate na R\u00e1dio Jornal reuniu especialistas para discutir limites, dever das plataformas e papel da fam\u00edlia na prote\u00e7\u00e3o digital. Para o professor da Universidade Federal Rural de Pernambuco (UFRPE) e cientista-chefe do Tribunal de Contas do Estado (TCE-PE), George Valen\u00e7a, a preocupa\u00e7\u00e3o internacional ganhou for\u00e7a quando pesquisas come\u00e7aram a apontar [&hellip;]<\/p>\n","protected":false},"author":2,"featured_media":2417,"comment_status":"open","ping_status":"open","sticky":false,"template":"","format":"standard","meta":{"_acf_changed":false,"footnotes":""},"categories":[41],"tags":[],"class_list":["post-2410","post","type-post","status-publish","format-standard","has-post-thumbnail","hentry","category-midia"],"acf":[],"yoast_head":"<!-- This site is optimized with the Yoast SEO plugin v25.3 - https:\/\/yoast.com\/wordpress\/plugins\/seo\/ -->\n<title>&quot;A crian\u00e7a precisa estar protegida na internet, n\u00e3o afastada dela&#039; - Debate - ASPAS - Aspectos Sociot\u00e9cnicos em Plataformas de Software<\/title>\n<meta name=\"robots\" content=\"index, follow, max-snippet:-1, max-image-preview:large, max-video-preview:-1\" \/>\n<link rel=\"canonical\" href=\"https:\/\/grupoaspas.com\/?p=2410\" \/>\n<meta property=\"og:locale\" content=\"pt_BR\" \/>\n<meta property=\"og:type\" content=\"article\" \/>\n<meta property=\"og:title\" content=\"&quot;A crian\u00e7a precisa estar protegida na internet, n\u00e3o afastada dela&#039; - Debate - ASPAS - Aspectos Sociot\u00e9cnicos em Plataformas de Software\" \/>\n<meta property=\"og:description\" content=\"Super Manh\u00e3 na R\u00e1dio Jornal Debate na R\u00e1dio Jornal reuniu especialistas para discutir limites, dever das plataformas e papel da fam\u00edlia na prote\u00e7\u00e3o digital. Para o professor da Universidade Federal Rural de Pernambuco (UFRPE) e cientista-chefe do Tribunal de Contas do Estado (TCE-PE), George Valen\u00e7a, a preocupa\u00e7\u00e3o internacional ganhou for\u00e7a quando pesquisas come\u00e7aram a apontar [&hellip;]\" \/>\n<meta property=\"og:url\" content=\"https:\/\/grupoaspas.com\/?p=2410\" \/>\n<meta property=\"og:site_name\" content=\"ASPAS - Aspectos Sociot\u00e9cnicos em Plataformas de Software\" \/>\n<meta property=\"article:published_time\" content=\"2026-02-11T17:09:33+00:00\" \/>\n<meta property=\"article:modified_time\" content=\"2026-03-09T17:21:01+00:00\" \/>\n<meta property=\"og:image\" content=\"https:\/\/grupoaspas.com\/wp-content\/uploads\/2026\/02\/Screenshot-2026-03-09-at-17.13.45-1024x640.png\" \/>\n\t<meta property=\"og:image:width\" content=\"1024\" \/>\n\t<meta property=\"og:image:height\" content=\"640\" \/>\n\t<meta property=\"og:image:type\" content=\"image\/png\" \/>\n<meta name=\"author\" content=\"Carolina Neves\" \/>\n<meta name=\"twitter:card\" content=\"summary_large_image\" \/>\n<meta name=\"twitter:label1\" content=\"Escrito por\" \/>\n\t<meta name=\"twitter:data1\" content=\"Carolina Neves\" \/>\n\t<meta name=\"twitter:label2\" content=\"Est. tempo de leitura\" \/>\n\t<meta name=\"twitter:data2\" content=\"1 minuto\" \/>\n<script type=\"application\/ld+json\" class=\"yoast-schema-graph\">{\"@context\":\"https:\/\/schema.org\",\"@graph\":[{\"@type\":\"Article\",\"@id\":\"https:\/\/grupoaspas.com\/?p=2410#article\",\"isPartOf\":{\"@id\":\"https:\/\/grupoaspas.com\/?p=2410\"},\"author\":{\"name\":\"Carolina Neves\",\"@id\":\"https:\/\/grupoaspas.com\/#\/schema\/person\/c3affed9f98ac5cf5bd43c0ae2b08326\"},\"headline\":\"&#8220;A crian\u00e7a precisa estar protegida na internet, n\u00e3o afastada dela&#8217; &#8211; Debate\",\"datePublished\":\"2026-02-11T17:09:33+00:00\",\"dateModified\":\"2026-03-09T17:21:01+00:00\",\"mainEntityOfPage\":{\"@id\":\"https:\/\/grupoaspas.com\/?p=2410\"},\"wordCount\":163,\"commentCount\":0,\"publisher\":{\"@id\":\"https:\/\/grupoaspas.com\/#organization\"},\"image\":{\"@id\":\"https:\/\/grupoaspas.com\/?p=2410#primaryimage\"},\"thumbnailUrl\":\"https:\/\/grupoaspas.com\/wp-content\/uploads\/2026\/02\/Screenshot-2026-03-09-at-17.13.45.png\",\"articleSection\":[\"M\u00eddia\"],\"inLanguage\":\"pt-BR\",\"potentialAction\":[{\"@type\":\"CommentAction\",\"name\":\"Comment\",\"target\":[\"https:\/\/grupoaspas.com\/?p=2410#respond\"]}]},{\"@type\":\"WebPage\",\"@id\":\"https:\/\/grupoaspas.com\/?p=2410\",\"url\":\"https:\/\/grupoaspas.com\/?p=2410\",\"name\":\"\\\"A crian\u00e7a precisa estar protegida na internet, n\u00e3o afastada dela' - Debate - ASPAS - Aspectos Sociot\u00e9cnicos em Plataformas de Software\",\"isPartOf\":{\"@id\":\"https:\/\/grupoaspas.com\/#website\"},\"primaryImageOfPage\":{\"@id\":\"https:\/\/grupoaspas.com\/?p=2410#primaryimage\"},\"image\":{\"@id\":\"https:\/\/grupoaspas.com\/?p=2410#primaryimage\"},\"thumbnailUrl\":\"https:\/\/grupoaspas.com\/wp-content\/uploads\/2026\/02\/Screenshot-2026-03-09-at-17.13.45.png\",\"datePublished\":\"2026-02-11T17:09:33+00:00\",\"dateModified\":\"2026-03-09T17:21:01+00:00\",\"breadcrumb\":{\"@id\":\"https:\/\/grupoaspas.com\/?p=2410#breadcrumb\"},\"inLanguage\":\"pt-BR\",\"potentialAction\":[{\"@type\":\"ReadAction\",\"target\":[\"https:\/\/grupoaspas.com\/?p=2410\"]}]},{\"@type\":\"ImageObject\",\"inLanguage\":\"pt-BR\",\"@id\":\"https:\/\/grupoaspas.com\/?p=2410#primaryimage\",\"url\":\"https:\/\/grupoaspas.com\/wp-content\/uploads\/2026\/02\/Screenshot-2026-03-09-at-17.13.45.png\",\"contentUrl\":\"https:\/\/grupoaspas.com\/wp-content\/uploads\/2026\/02\/Screenshot-2026-03-09-at-17.13.45.png\",\"width\":2880,\"height\":1800},{\"@type\":\"BreadcrumbList\",\"@id\":\"https:\/\/grupoaspas.com\/?p=2410#breadcrumb\",\"itemListElement\":[{\"@type\":\"ListItem\",\"position\":1,\"name\":\"In\u00edcio\",\"item\":\"https:\/\/grupoaspas.com\/\"},{\"@type\":\"ListItem\",\"position\":2,\"name\":\"&#8220;A crian\u00e7a precisa estar protegida na internet, n\u00e3o afastada dela&#8217; &#8211; Debate\"}]},{\"@type\":\"WebSite\",\"@id\":\"https:\/\/grupoaspas.com\/#website\",\"url\":\"https:\/\/grupoaspas.com\/\",\"name\":\"Grupo ASPAS\",\"description\":\"Site do Grupo de Pesquisa de Aspectos Sociot\u00e9cnicos em Plataformas de Software da UFRPE\",\"publisher\":{\"@id\":\"https:\/\/grupoaspas.com\/#organization\"},\"alternateName\":\"ASPAS - Aspectos Sociot\u00e9cnicos em Plataformas de Software\",\"potentialAction\":[{\"@type\":\"SearchAction\",\"target\":{\"@type\":\"EntryPoint\",\"urlTemplate\":\"https:\/\/grupoaspas.com\/?s={search_term_string}\"},\"query-input\":{\"@type\":\"PropertyValueSpecification\",\"valueRequired\":true,\"valueName\":\"search_term_string\"}}],\"inLanguage\":\"pt-BR\"},{\"@type\":\"Organization\",\"@id\":\"https:\/\/grupoaspas.com\/#organization\",\"name\":\"ASPAS - Aspectos Sociot\u00e9cnicos em Plataformas de Software\",\"url\":\"https:\/\/grupoaspas.com\/\",\"logo\":{\"@type\":\"ImageObject\",\"inLanguage\":\"pt-BR\",\"@id\":\"https:\/\/grupoaspas.com\/#\/schema\/logo\/image\/\",\"url\":\"https:\/\/grupoaspas.com\/wp-content\/uploads\/2025\/03\/cropped-Frame-337.png\",\"contentUrl\":\"https:\/\/grupoaspas.com\/wp-content\/uploads\/2025\/03\/cropped-Frame-337.png\",\"width\":319,\"height\":88,\"caption\":\"ASPAS - Aspectos Sociot\u00e9cnicos em Plataformas de Software\"},\"image\":{\"@id\":\"https:\/\/grupoaspas.com\/#\/schema\/logo\/image\/\"}},{\"@type\":\"Person\",\"@id\":\"https:\/\/grupoaspas.com\/#\/schema\/person\/c3affed9f98ac5cf5bd43c0ae2b08326\",\"name\":\"Carolina Neves\",\"image\":{\"@type\":\"ImageObject\",\"inLanguage\":\"pt-BR\",\"@id\":\"https:\/\/grupoaspas.com\/#\/schema\/person\/image\/\",\"url\":\"https:\/\/secure.gravatar.com\/avatar\/22da7d53b24e43b86a5b34b3bd412106?s=96&d=mm&r=g\",\"contentUrl\":\"https:\/\/secure.gravatar.com\/avatar\/22da7d53b24e43b86a5b34b3bd412106?s=96&d=mm&r=g\",\"caption\":\"Carolina Neves\"},\"url\":\"https:\/\/grupoaspas.com\/?author=2\"}]}<\/script>\n<!-- \/ Yoast SEO plugin. -->","yoast_head_json":{"title":"\"A crian\u00e7a precisa estar protegida na internet, n\u00e3o afastada dela' - Debate - ASPAS - Aspectos Sociot\u00e9cnicos em Plataformas de Software","robots":{"index":"index","follow":"follow","max-snippet":"max-snippet:-1","max-image-preview":"max-image-preview:large","max-video-preview":"max-video-preview:-1"},"canonical":"https:\/\/grupoaspas.com\/?p=2410","og_locale":"pt_BR","og_type":"article","og_title":"\"A crian\u00e7a precisa estar protegida na internet, n\u00e3o afastada dela' - Debate - ASPAS - Aspectos Sociot\u00e9cnicos em Plataformas de Software","og_description":"Super Manh\u00e3 na R\u00e1dio Jornal Debate na R\u00e1dio Jornal reuniu especialistas para discutir limites, dever das plataformas e papel da fam\u00edlia na prote\u00e7\u00e3o digital. Para o professor da Universidade Federal Rural de Pernambuco (UFRPE) e cientista-chefe do Tribunal de Contas do Estado (TCE-PE), George Valen\u00e7a, a preocupa\u00e7\u00e3o internacional ganhou for\u00e7a quando pesquisas come\u00e7aram a apontar [&hellip;]","og_url":"https:\/\/grupoaspas.com\/?p=2410","og_site_name":"ASPAS - Aspectos Sociot\u00e9cnicos em Plataformas de Software","article_published_time":"2026-02-11T17:09:33+00:00","article_modified_time":"2026-03-09T17:21:01+00:00","og_image":[{"width":1024,"height":640,"url":"https:\/\/grupoaspas.com\/wp-content\/uploads\/2026\/02\/Screenshot-2026-03-09-at-17.13.45-1024x640.png","type":"image\/png"}],"author":"Carolina Neves","twitter_card":"summary_large_image","twitter_misc":{"Escrito por":"Carolina Neves","Est. tempo de leitura":"1 minuto"},"schema":{"@context":"https:\/\/schema.org","@graph":[{"@type":"Article","@id":"https:\/\/grupoaspas.com\/?p=2410#article","isPartOf":{"@id":"https:\/\/grupoaspas.com\/?p=2410"},"author":{"name":"Carolina Neves","@id":"https:\/\/grupoaspas.com\/#\/schema\/person\/c3affed9f98ac5cf5bd43c0ae2b08326"},"headline":"&#8220;A crian\u00e7a precisa estar protegida na internet, n\u00e3o afastada dela&#8217; &#8211; Debate","datePublished":"2026-02-11T17:09:33+00:00","dateModified":"2026-03-09T17:21:01+00:00","mainEntityOfPage":{"@id":"https:\/\/grupoaspas.com\/?p=2410"},"wordCount":163,"commentCount":0,"publisher":{"@id":"https:\/\/grupoaspas.com\/#organization"},"image":{"@id":"https:\/\/grupoaspas.com\/?p=2410#primaryimage"},"thumbnailUrl":"https:\/\/grupoaspas.com\/wp-content\/uploads\/2026\/02\/Screenshot-2026-03-09-at-17.13.45.png","articleSection":["M\u00eddia"],"inLanguage":"pt-BR","potentialAction":[{"@type":"CommentAction","name":"Comment","target":["https:\/\/grupoaspas.com\/?p=2410#respond"]}]},{"@type":"WebPage","@id":"https:\/\/grupoaspas.com\/?p=2410","url":"https:\/\/grupoaspas.com\/?p=2410","name":"\"A crian\u00e7a precisa estar protegida na internet, n\u00e3o afastada dela' - Debate - ASPAS - Aspectos Sociot\u00e9cnicos em Plataformas de Software","isPartOf":{"@id":"https:\/\/grupoaspas.com\/#website"},"primaryImageOfPage":{"@id":"https:\/\/grupoaspas.com\/?p=2410#primaryimage"},"image":{"@id":"https:\/\/grupoaspas.com\/?p=2410#primaryimage"},"thumbnailUrl":"https:\/\/grupoaspas.com\/wp-content\/uploads\/2026\/02\/Screenshot-2026-03-09-at-17.13.45.png","datePublished":"2026-02-11T17:09:33+00:00","dateModified":"2026-03-09T17:21:01+00:00","breadcrumb":{"@id":"https:\/\/grupoaspas.com\/?p=2410#breadcrumb"},"inLanguage":"pt-BR","potentialAction":[{"@type":"ReadAction","target":["https:\/\/grupoaspas.com\/?p=2410"]}]},{"@type":"ImageObject","inLanguage":"pt-BR","@id":"https:\/\/grupoaspas.com\/?p=2410#primaryimage","url":"https:\/\/grupoaspas.com\/wp-content\/uploads\/2026\/02\/Screenshot-2026-03-09-at-17.13.45.png","contentUrl":"https:\/\/grupoaspas.com\/wp-content\/uploads\/2026\/02\/Screenshot-2026-03-09-at-17.13.45.png","width":2880,"height":1800},{"@type":"BreadcrumbList","@id":"https:\/\/grupoaspas.com\/?p=2410#breadcrumb","itemListElement":[{"@type":"ListItem","position":1,"name":"In\u00edcio","item":"https:\/\/grupoaspas.com\/"},{"@type":"ListItem","position":2,"name":"&#8220;A crian\u00e7a precisa estar protegida na internet, n\u00e3o afastada dela&#8217; &#8211; Debate"}]},{"@type":"WebSite","@id":"https:\/\/grupoaspas.com\/#website","url":"https:\/\/grupoaspas.com\/","name":"Grupo ASPAS","description":"Site do Grupo de Pesquisa de Aspectos Sociot\u00e9cnicos em Plataformas de Software da UFRPE","publisher":{"@id":"https:\/\/grupoaspas.com\/#organization"},"alternateName":"ASPAS - Aspectos Sociot\u00e9cnicos em Plataformas de Software","potentialAction":[{"@type":"SearchAction","target":{"@type":"EntryPoint","urlTemplate":"https:\/\/grupoaspas.com\/?s={search_term_string}"},"query-input":{"@type":"PropertyValueSpecification","valueRequired":true,"valueName":"search_term_string"}}],"inLanguage":"pt-BR"},{"@type":"Organization","@id":"https:\/\/grupoaspas.com\/#organization","name":"ASPAS - Aspectos Sociot\u00e9cnicos em Plataformas de Software","url":"https:\/\/grupoaspas.com\/","logo":{"@type":"ImageObject","inLanguage":"pt-BR","@id":"https:\/\/grupoaspas.com\/#\/schema\/logo\/image\/","url":"https:\/\/grupoaspas.com\/wp-content\/uploads\/2025\/03\/cropped-Frame-337.png","contentUrl":"https:\/\/grupoaspas.com\/wp-content\/uploads\/2025\/03\/cropped-Frame-337.png","width":319,"height":88,"caption":"ASPAS - Aspectos Sociot\u00e9cnicos em Plataformas de Software"},"image":{"@id":"https:\/\/grupoaspas.com\/#\/schema\/logo\/image\/"}},{"@type":"Person","@id":"https:\/\/grupoaspas.com\/#\/schema\/person\/c3affed9f98ac5cf5bd43c0ae2b08326","name":"Carolina Neves","image":{"@type":"ImageObject","inLanguage":"pt-BR","@id":"https:\/\/grupoaspas.com\/#\/schema\/person\/image\/","url":"https:\/\/secure.gravatar.com\/avatar\/22da7d53b24e43b86a5b34b3bd412106?s=96&d=mm&r=g","contentUrl":"https:\/\/secure.gravatar.com\/avatar\/22da7d53b24e43b86a5b34b3bd412106?s=96&d=mm&r=g","caption":"Carolina Neves"},"url":"https:\/\/grupoaspas.com\/?author=2"}]}},"_links":{"self":[{"href":"https:\/\/grupoaspas.com\/index.php?rest_route=\/wp\/v2\/posts\/2410","targetHints":{"allow":["GET"]}}],"collection":[{"href":"https:\/\/grupoaspas.com\/index.php?rest_route=\/wp\/v2\/posts"}],"about":[{"href":"https:\/\/grupoaspas.com\/index.php?rest_route=\/wp\/v2\/types\/post"}],"author":[{"embeddable":true,"href":"https:\/\/grupoaspas.com\/index.php?rest_route=\/wp\/v2\/users\/2"}],"replies":[{"embeddable":true,"href":"https:\/\/grupoaspas.com\/index.php?rest_route=%2Fwp%2Fv2%2Fcomments&post=2410"}],"version-history":[{"count":7,"href":"https:\/\/grupoaspas.com\/index.php?rest_route=\/wp\/v2\/posts\/2410\/revisions"}],"predecessor-version":[{"id":2421,"href":"https:\/\/grupoaspas.com\/index.php?rest_route=\/wp\/v2\/posts\/2410\/revisions\/2421"}],"wp:featuredmedia":[{"embeddable":true,"href":"https:\/\/grupoaspas.com\/index.php?rest_route=\/wp\/v2\/media\/2417"}],"wp:attachment":[{"href":"https:\/\/grupoaspas.com\/index.php?rest_route=%2Fwp%2Fv2%2Fmedia&parent=2410"}],"wp:term":[{"taxonomy":"category","embeddable":true,"href":"https:\/\/grupoaspas.com\/index.php?rest_route=%2Fwp%2Fv2%2Fcategories&post=2410"},{"taxonomy":"post_tag","embeddable":true,"href":"https:\/\/grupoaspas.com\/index.php?rest_route=%2Fwp%2Fv2%2Ftags&post=2410"}],"curies":[{"name":"wp","href":"https:\/\/api.w.org\/{rel}","templated":true}]}}