{"id":2133,"date":"2025-05-19T10:21:22","date_gmt":"2025-05-19T13:21:22","guid":{"rendered":"https:\/\/grupoaspas.com\/?p=2133"},"modified":"2025-10-22T12:39:13","modified_gmt":"2025-10-22T15:39:13","slug":"design-etico-na-educacao-basica-adequando-sistemas-de-informacao-as-necessidades-de-criancas-e-adolescentes","status":"publish","type":"post","link":"https:\/\/grupoaspas.com\/?p=2133","title":{"rendered":"Design \u00c9tico na Educa\u00e7\u00e3o B\u00e1sica \u2013 Adequando Sistemas de Informa\u00e7\u00e3o \u00e0s Necessidades de Crian\u00e7as e Adolescentes"},"content":{"rendered":"\t\t<div data-elementor-type=\"wp-post\" data-elementor-id=\"2133\" class=\"elementor elementor-2133\" data-elementor-post-type=\"post\">\n\t\t\t\t<div class=\"elementor-element elementor-element-e07e27f e-flex e-con-boxed e-con e-parent\" data-id=\"e07e27f\" data-element_type=\"container\" data-e-type=\"container\">\n\t\t\t\t\t<div class=\"e-con-inner\">\n\t\t\t\t<div class=\"elementor-element elementor-element-4949230 elementor-widget elementor-widget-text-editor\" data-id=\"4949230\" data-element_type=\"widget\" data-e-type=\"widget\" data-widget_type=\"text-editor.default\">\n\t\t\t\t<div class=\"elementor-widget-container\">\n\t\t\t\t\t\t\t\t\t<p><a href=\"https:\/\/sol.sbc.org.br\/index.php\/sbsi_estendido\/issue\/view\/1482\" target=\"_blank\" rel=\"noopener\"><strong>XXI Simp\u00f3sio Brasileiro de Sistemas de Informa\u00e7\u00e3o (SBSI 2025)<\/strong><\/a><\/p><p><span style=\"color: #000000;\"><strong>Recife, Pernambuco, Brasil (19-23 de Maio de 2025)<\/strong><\/span><\/p><p><span style=\"color: #000000;\"><strong>Resumo:<\/strong> O avan\u00e7o das Big Techs na educa\u00e7\u00e3o promove um cen\u00e1rio de plataformiza\u00e7\u00e3o, com pr\u00e1ticas de vigil\u00e2ncia e extra\u00e7\u00e3o de dados. Este estudo, uma parceria da UFRPE com o Instituto Alana, prop\u00f5e um guia de design \u00e9tico para a softwares na educa\u00e7\u00e3o. A metodologia adotada envolveu fases de an\u00e1lise de literatura cinza, categoriza\u00e7\u00e3o de pr\u00e1ticas e refinamento conjunto com especialistas. Como resultado, houve a defini\u00e7\u00e3o de 78 pr\u00e1ticas organizadas em 10 categorias, como governan\u00e7a, prote\u00e7\u00e3o de dados e intelig\u00eancia artificial. Esta pesquisa busca fortalecer a prote\u00e7\u00e3o infantil e promover solu\u00e7\u00f5es educacionais respons\u00e1veis no mercado de tecnologia.<\/span><\/p><p><a href=\"https:\/\/sol.sbc.org.br\/index.php\/sbsi_estendido\/article\/view\/34601\/34392\" target=\"_blank\" rel=\"noopener\"><strong>Leia o artigo completo aqui<\/strong><\/a><\/p>\t\t\t\t\t\t\t\t<\/div>\n\t\t\t\t<\/div>\n\t\t\t\t\t<\/div>\n\t\t\t\t<\/div>\n\t\t\t\t<\/div>\n\t\t","protected":false},"excerpt":{"rendered":"<p>XXI Simp\u00f3sio Brasileiro de Sistemas de Informa\u00e7\u00e3o (SBSI 2025) Recife, Pernambuco, Brasil (19-23 de Maio de 2025) Resumo: O avan\u00e7o das Big Techs na educa\u00e7\u00e3o promove um cen\u00e1rio de plataformiza\u00e7\u00e3o, com pr\u00e1ticas de vigil\u00e2ncia e extra\u00e7\u00e3o de dados. Este estudo, uma parceria da UFRPE com o Instituto Alana, prop\u00f5e um guia de design \u00e9tico para [&hellip;]<\/p>\n","protected":false},"author":2,"featured_media":0,"comment_status":"open","ping_status":"open","sticky":false,"template":"","format":"standard","meta":{"_acf_changed":false,"footnotes":""},"categories":[33,1],"tags":[],"class_list":["post-2133","post","type-post","status-publish","format-standard","hentry","category-criancas","category-sem-categoria"],"acf":[],"yoast_head":"<!-- This site is optimized with the Yoast SEO plugin v25.3 - https:\/\/yoast.com\/wordpress\/plugins\/seo\/ -->\n<title>Design \u00c9tico na Educa\u00e7\u00e3o B\u00e1sica \u2013 Adequando Sistemas de Informa\u00e7\u00e3o \u00e0s Necessidades de Crian\u00e7as e Adolescentes - ASPAS - Aspectos Sociot\u00e9cnicos em Plataformas de Software<\/title>\n<meta name=\"robots\" content=\"index, follow, max-snippet:-1, max-image-preview:large, max-video-preview:-1\" \/>\n<link rel=\"canonical\" href=\"https:\/\/grupoaspas.com\/?p=2133\" \/>\n<meta property=\"og:locale\" content=\"pt_BR\" \/>\n<meta property=\"og:type\" content=\"article\" \/>\n<meta property=\"og:title\" content=\"Design \u00c9tico na Educa\u00e7\u00e3o B\u00e1sica \u2013 Adequando Sistemas de Informa\u00e7\u00e3o \u00e0s Necessidades de Crian\u00e7as e Adolescentes - ASPAS - Aspectos Sociot\u00e9cnicos em Plataformas de Software\" \/>\n<meta property=\"og:description\" content=\"XXI Simp\u00f3sio Brasileiro de Sistemas de Informa\u00e7\u00e3o (SBSI 2025) Recife, Pernambuco, Brasil (19-23 de Maio de 2025) Resumo: O avan\u00e7o das Big Techs na educa\u00e7\u00e3o promove um cen\u00e1rio de plataformiza\u00e7\u00e3o, com pr\u00e1ticas de vigil\u00e2ncia e extra\u00e7\u00e3o de dados. Este estudo, uma parceria da UFRPE com o Instituto Alana, prop\u00f5e um guia de design \u00e9tico para [&hellip;]\" \/>\n<meta property=\"og:url\" content=\"https:\/\/grupoaspas.com\/?p=2133\" \/>\n<meta property=\"og:site_name\" content=\"ASPAS - Aspectos Sociot\u00e9cnicos em Plataformas de Software\" \/>\n<meta property=\"article:published_time\" content=\"2025-05-19T13:21:22+00:00\" \/>\n<meta property=\"article:modified_time\" content=\"2025-10-22T15:39:13+00:00\" \/>\n<meta name=\"author\" content=\"Carolina Neves\" \/>\n<meta name=\"twitter:card\" content=\"summary_large_image\" \/>\n<meta name=\"twitter:label1\" content=\"Escrito por\" \/>\n\t<meta name=\"twitter:data1\" content=\"Carolina Neves\" \/>\n\t<meta name=\"twitter:label2\" content=\"Est. tempo de leitura\" \/>\n\t<meta name=\"twitter:data2\" content=\"1 minuto\" \/>\n<script type=\"application\/ld+json\" class=\"yoast-schema-graph\">{\"@context\":\"https:\/\/schema.org\",\"@graph\":[{\"@type\":\"Article\",\"@id\":\"https:\/\/grupoaspas.com\/?p=2133#article\",\"isPartOf\":{\"@id\":\"https:\/\/grupoaspas.com\/?p=2133\"},\"author\":{\"name\":\"Carolina Neves\",\"@id\":\"https:\/\/grupoaspas.com\/#\/schema\/person\/c3affed9f98ac5cf5bd43c0ae2b08326\"},\"headline\":\"Design \u00c9tico na Educa\u00e7\u00e3o B\u00e1sica \u2013 Adequando Sistemas de Informa\u00e7\u00e3o \u00e0s Necessidades de Crian\u00e7as e Adolescentes\",\"datePublished\":\"2025-05-19T13:21:22+00:00\",\"dateModified\":\"2025-10-22T15:39:13+00:00\",\"mainEntityOfPage\":{\"@id\":\"https:\/\/grupoaspas.com\/?p=2133\"},\"wordCount\":155,\"commentCount\":0,\"publisher\":{\"@id\":\"https:\/\/grupoaspas.com\/#organization\"},\"articleSection\":[\"crian\u00e7as\"],\"inLanguage\":\"pt-BR\",\"potentialAction\":[{\"@type\":\"CommentAction\",\"name\":\"Comment\",\"target\":[\"https:\/\/grupoaspas.com\/?p=2133#respond\"]}]},{\"@type\":\"WebPage\",\"@id\":\"https:\/\/grupoaspas.com\/?p=2133\",\"url\":\"https:\/\/grupoaspas.com\/?p=2133\",\"name\":\"Design \u00c9tico na Educa\u00e7\u00e3o B\u00e1sica \u2013 Adequando Sistemas de Informa\u00e7\u00e3o \u00e0s Necessidades de Crian\u00e7as e Adolescentes - ASPAS - Aspectos Sociot\u00e9cnicos em Plataformas de Software\",\"isPartOf\":{\"@id\":\"https:\/\/grupoaspas.com\/#website\"},\"datePublished\":\"2025-05-19T13:21:22+00:00\",\"dateModified\":\"2025-10-22T15:39:13+00:00\",\"breadcrumb\":{\"@id\":\"https:\/\/grupoaspas.com\/?p=2133#breadcrumb\"},\"inLanguage\":\"pt-BR\",\"potentialAction\":[{\"@type\":\"ReadAction\",\"target\":[\"https:\/\/grupoaspas.com\/?p=2133\"]}]},{\"@type\":\"BreadcrumbList\",\"@id\":\"https:\/\/grupoaspas.com\/?p=2133#breadcrumb\",\"itemListElement\":[{\"@type\":\"ListItem\",\"position\":1,\"name\":\"In\u00edcio\",\"item\":\"https:\/\/grupoaspas.com\/\"},{\"@type\":\"ListItem\",\"position\":2,\"name\":\"Design \u00c9tico na Educa\u00e7\u00e3o B\u00e1sica \u2013 Adequando Sistemas de Informa\u00e7\u00e3o \u00e0s Necessidades de Crian\u00e7as e Adolescentes\"}]},{\"@type\":\"WebSite\",\"@id\":\"https:\/\/grupoaspas.com\/#website\",\"url\":\"https:\/\/grupoaspas.com\/\",\"name\":\"Grupo ASPAS\",\"description\":\"Site do Grupo de Pesquisa de Aspectos Sociot\u00e9cnicos em Plataformas de Software da UFRPE\",\"publisher\":{\"@id\":\"https:\/\/grupoaspas.com\/#organization\"},\"alternateName\":\"ASPAS - Aspectos Sociot\u00e9cnicos em Plataformas de Software\",\"potentialAction\":[{\"@type\":\"SearchAction\",\"target\":{\"@type\":\"EntryPoint\",\"urlTemplate\":\"https:\/\/grupoaspas.com\/?s={search_term_string}\"},\"query-input\":{\"@type\":\"PropertyValueSpecification\",\"valueRequired\":true,\"valueName\":\"search_term_string\"}}],\"inLanguage\":\"pt-BR\"},{\"@type\":\"Organization\",\"@id\":\"https:\/\/grupoaspas.com\/#organization\",\"name\":\"ASPAS - Aspectos Sociot\u00e9cnicos em Plataformas de Software\",\"url\":\"https:\/\/grupoaspas.com\/\",\"logo\":{\"@type\":\"ImageObject\",\"inLanguage\":\"pt-BR\",\"@id\":\"https:\/\/grupoaspas.com\/#\/schema\/logo\/image\/\",\"url\":\"https:\/\/grupoaspas.com\/wp-content\/uploads\/2025\/03\/cropped-Frame-337.png\",\"contentUrl\":\"https:\/\/grupoaspas.com\/wp-content\/uploads\/2025\/03\/cropped-Frame-337.png\",\"width\":319,\"height\":88,\"caption\":\"ASPAS - Aspectos Sociot\u00e9cnicos em Plataformas de Software\"},\"image\":{\"@id\":\"https:\/\/grupoaspas.com\/#\/schema\/logo\/image\/\"}},{\"@type\":\"Person\",\"@id\":\"https:\/\/grupoaspas.com\/#\/schema\/person\/c3affed9f98ac5cf5bd43c0ae2b08326\",\"name\":\"Carolina Neves\",\"image\":{\"@type\":\"ImageObject\",\"inLanguage\":\"pt-BR\",\"@id\":\"https:\/\/grupoaspas.com\/#\/schema\/person\/image\/\",\"url\":\"https:\/\/secure.gravatar.com\/avatar\/22da7d53b24e43b86a5b34b3bd412106?s=96&d=mm&r=g\",\"contentUrl\":\"https:\/\/secure.gravatar.com\/avatar\/22da7d53b24e43b86a5b34b3bd412106?s=96&d=mm&r=g\",\"caption\":\"Carolina Neves\"},\"url\":\"https:\/\/grupoaspas.com\/?author=2\"}]}<\/script>\n<!-- \/ Yoast SEO plugin. -->","yoast_head_json":{"title":"Design \u00c9tico na Educa\u00e7\u00e3o B\u00e1sica \u2013 Adequando Sistemas de Informa\u00e7\u00e3o \u00e0s Necessidades de Crian\u00e7as e Adolescentes - ASPAS - Aspectos Sociot\u00e9cnicos em Plataformas de Software","robots":{"index":"index","follow":"follow","max-snippet":"max-snippet:-1","max-image-preview":"max-image-preview:large","max-video-preview":"max-video-preview:-1"},"canonical":"https:\/\/grupoaspas.com\/?p=2133","og_locale":"pt_BR","og_type":"article","og_title":"Design \u00c9tico na Educa\u00e7\u00e3o B\u00e1sica \u2013 Adequando Sistemas de Informa\u00e7\u00e3o \u00e0s Necessidades de Crian\u00e7as e Adolescentes - ASPAS - Aspectos Sociot\u00e9cnicos em Plataformas de Software","og_description":"XXI Simp\u00f3sio Brasileiro de Sistemas de Informa\u00e7\u00e3o (SBSI 2025) Recife, Pernambuco, Brasil (19-23 de Maio de 2025) Resumo: O avan\u00e7o das Big Techs na educa\u00e7\u00e3o promove um cen\u00e1rio de plataformiza\u00e7\u00e3o, com pr\u00e1ticas de vigil\u00e2ncia e extra\u00e7\u00e3o de dados. Este estudo, uma parceria da UFRPE com o Instituto Alana, prop\u00f5e um guia de design \u00e9tico para [&hellip;]","og_url":"https:\/\/grupoaspas.com\/?p=2133","og_site_name":"ASPAS - Aspectos Sociot\u00e9cnicos em Plataformas de Software","article_published_time":"2025-05-19T13:21:22+00:00","article_modified_time":"2025-10-22T15:39:13+00:00","author":"Carolina Neves","twitter_card":"summary_large_image","twitter_misc":{"Escrito por":"Carolina Neves","Est. tempo de leitura":"1 minuto"},"schema":{"@context":"https:\/\/schema.org","@graph":[{"@type":"Article","@id":"https:\/\/grupoaspas.com\/?p=2133#article","isPartOf":{"@id":"https:\/\/grupoaspas.com\/?p=2133"},"author":{"name":"Carolina Neves","@id":"https:\/\/grupoaspas.com\/#\/schema\/person\/c3affed9f98ac5cf5bd43c0ae2b08326"},"headline":"Design \u00c9tico na Educa\u00e7\u00e3o B\u00e1sica \u2013 Adequando Sistemas de Informa\u00e7\u00e3o \u00e0s Necessidades de Crian\u00e7as e Adolescentes","datePublished":"2025-05-19T13:21:22+00:00","dateModified":"2025-10-22T15:39:13+00:00","mainEntityOfPage":{"@id":"https:\/\/grupoaspas.com\/?p=2133"},"wordCount":155,"commentCount":0,"publisher":{"@id":"https:\/\/grupoaspas.com\/#organization"},"articleSection":["crian\u00e7as"],"inLanguage":"pt-BR","potentialAction":[{"@type":"CommentAction","name":"Comment","target":["https:\/\/grupoaspas.com\/?p=2133#respond"]}]},{"@type":"WebPage","@id":"https:\/\/grupoaspas.com\/?p=2133","url":"https:\/\/grupoaspas.com\/?p=2133","name":"Design \u00c9tico na Educa\u00e7\u00e3o B\u00e1sica \u2013 Adequando Sistemas de Informa\u00e7\u00e3o \u00e0s Necessidades de Crian\u00e7as e Adolescentes - ASPAS - Aspectos Sociot\u00e9cnicos em Plataformas de Software","isPartOf":{"@id":"https:\/\/grupoaspas.com\/#website"},"datePublished":"2025-05-19T13:21:22+00:00","dateModified":"2025-10-22T15:39:13+00:00","breadcrumb":{"@id":"https:\/\/grupoaspas.com\/?p=2133#breadcrumb"},"inLanguage":"pt-BR","potentialAction":[{"@type":"ReadAction","target":["https:\/\/grupoaspas.com\/?p=2133"]}]},{"@type":"BreadcrumbList","@id":"https:\/\/grupoaspas.com\/?p=2133#breadcrumb","itemListElement":[{"@type":"ListItem","position":1,"name":"In\u00edcio","item":"https:\/\/grupoaspas.com\/"},{"@type":"ListItem","position":2,"name":"Design \u00c9tico na Educa\u00e7\u00e3o B\u00e1sica \u2013 Adequando Sistemas de Informa\u00e7\u00e3o \u00e0s Necessidades de Crian\u00e7as e Adolescentes"}]},{"@type":"WebSite","@id":"https:\/\/grupoaspas.com\/#website","url":"https:\/\/grupoaspas.com\/","name":"Grupo ASPAS","description":"Site do Grupo de Pesquisa de Aspectos Sociot\u00e9cnicos em Plataformas de Software da UFRPE","publisher":{"@id":"https:\/\/grupoaspas.com\/#organization"},"alternateName":"ASPAS - Aspectos Sociot\u00e9cnicos em Plataformas de Software","potentialAction":[{"@type":"SearchAction","target":{"@type":"EntryPoint","urlTemplate":"https:\/\/grupoaspas.com\/?s={search_term_string}"},"query-input":{"@type":"PropertyValueSpecification","valueRequired":true,"valueName":"search_term_string"}}],"inLanguage":"pt-BR"},{"@type":"Organization","@id":"https:\/\/grupoaspas.com\/#organization","name":"ASPAS - Aspectos Sociot\u00e9cnicos em Plataformas de Software","url":"https:\/\/grupoaspas.com\/","logo":{"@type":"ImageObject","inLanguage":"pt-BR","@id":"https:\/\/grupoaspas.com\/#\/schema\/logo\/image\/","url":"https:\/\/grupoaspas.com\/wp-content\/uploads\/2025\/03\/cropped-Frame-337.png","contentUrl":"https:\/\/grupoaspas.com\/wp-content\/uploads\/2025\/03\/cropped-Frame-337.png","width":319,"height":88,"caption":"ASPAS - Aspectos Sociot\u00e9cnicos em Plataformas de Software"},"image":{"@id":"https:\/\/grupoaspas.com\/#\/schema\/logo\/image\/"}},{"@type":"Person","@id":"https:\/\/grupoaspas.com\/#\/schema\/person\/c3affed9f98ac5cf5bd43c0ae2b08326","name":"Carolina Neves","image":{"@type":"ImageObject","inLanguage":"pt-BR","@id":"https:\/\/grupoaspas.com\/#\/schema\/person\/image\/","url":"https:\/\/secure.gravatar.com\/avatar\/22da7d53b24e43b86a5b34b3bd412106?s=96&d=mm&r=g","contentUrl":"https:\/\/secure.gravatar.com\/avatar\/22da7d53b24e43b86a5b34b3bd412106?s=96&d=mm&r=g","caption":"Carolina Neves"},"url":"https:\/\/grupoaspas.com\/?author=2"}]}},"_links":{"self":[{"href":"https:\/\/grupoaspas.com\/index.php?rest_route=\/wp\/v2\/posts\/2133","targetHints":{"allow":["GET"]}}],"collection":[{"href":"https:\/\/grupoaspas.com\/index.php?rest_route=\/wp\/v2\/posts"}],"about":[{"href":"https:\/\/grupoaspas.com\/index.php?rest_route=\/wp\/v2\/types\/post"}],"author":[{"embeddable":true,"href":"https:\/\/grupoaspas.com\/index.php?rest_route=\/wp\/v2\/users\/2"}],"replies":[{"embeddable":true,"href":"https:\/\/grupoaspas.com\/index.php?rest_route=%2Fwp%2Fv2%2Fcomments&post=2133"}],"version-history":[{"count":10,"href":"https:\/\/grupoaspas.com\/index.php?rest_route=\/wp\/v2\/posts\/2133\/revisions"}],"predecessor-version":[{"id":2294,"href":"https:\/\/grupoaspas.com\/index.php?rest_route=\/wp\/v2\/posts\/2133\/revisions\/2294"}],"wp:attachment":[{"href":"https:\/\/grupoaspas.com\/index.php?rest_route=%2Fwp%2Fv2%2Fmedia&parent=2133"}],"wp:term":[{"taxonomy":"category","embeddable":true,"href":"https:\/\/grupoaspas.com\/index.php?rest_route=%2Fwp%2Fv2%2Fcategories&post=2133"},{"taxonomy":"post_tag","embeddable":true,"href":"https:\/\/grupoaspas.com\/index.php?rest_route=%2Fwp%2Fv2%2Ftags&post=2133"}],"curies":[{"name":"wp","href":"https:\/\/api.w.org\/{rel}","templated":true}]}}