{"id":2065,"date":"2025-10-08T17:00:48","date_gmt":"2025-10-08T20:00:48","guid":{"rendered":"https:\/\/grupoaspas.com\/?p=2065"},"modified":"2025-10-18T14:21:58","modified_gmt":"2025-10-18T17:21:58","slug":"usp-alana-hackathon-iaei-inteligencia-artificial-na-educacao-inclusiva","status":"publish","type":"post","link":"https:\/\/grupoaspas.com\/?p=2065","title":{"rendered":"USP\/Alana Hackathon [IAEI] Intelig\u00eancia Artificial na Educa\u00e7\u00e3o Inclusiva"},"content":{"rendered":"\t\t<div data-elementor-type=\"wp-post\" data-elementor-id=\"2065\" class=\"elementor elementor-2065\" data-elementor-post-type=\"post\">\n\t\t\t\t<div class=\"elementor-element elementor-element-b28947d e-flex e-con-boxed e-con e-parent\" data-id=\"b28947d\" data-element_type=\"container\" data-e-type=\"container\">\n\t\t\t\t\t<div class=\"e-con-inner\">\n\t\t\t\t<div class=\"elementor-element elementor-element-0ec022d elementor-widget elementor-widget-text-editor\" data-id=\"0ec022d\" data-element_type=\"widget\" data-e-type=\"widget\" data-widget_type=\"text-editor.default\">\n\t\t\t\t<div class=\"elementor-widget-container\">\n\t\t\t\t\t\t\t\t\t<p><span style=\"color: #000000;\">08 de Outubro de 2025<\/span><\/p><p><a href=\"https:\/\/hackinclusiva.com.br\" target=\"_blank\" rel=\"noopener\"><strong>USP \/ Instituto Alana Hackathon<\/strong><\/a><\/p><p><span style=\"color: #000000;\">Local: InovaUSP, S\u00e3o Paulo-SP<\/span><\/p><p><span style=\"color: #000000;\">Idioma: Portugu\u00eas<\/span><\/p><p><span style=\"color: #000000;\">Vamos usar a intelig\u00eancia artificial para tornar a educa\u00e7\u00e3o mais inclusiva.\u00a0<\/span><\/p><p><span style=\"color: #000000;\">Nos plant\u00f5es online os participantes da Hackathon tiraram d\u00favidas com professores da USP e orientadores, e compartilharam experi\u00eancias com integrantes de outras equipes. Tamb\u00e9m foi poss\u00edvel solicitar apoio espec\u00edfico em acessibilidade, prote\u00e7\u00e3o de dados, uso de IA, linguagem simples, entre outros temas importantes.<\/span><\/p><p><span style=\"color: #000000;\">Plant\u00e3o online com especialistas em 08\/10:<\/span><\/p><ul class=\"wp-block-list\"><li class=\"has-text-color has-link-color wp-elements-9284a0d3bebbc4198429f9f9abb9badb\"><span style=\"color: #000000;\">Arthur Casals, Tecnologia<\/span><\/li><li class=\"has-text-color has-link-color wp-elements-dd8449dcd88a39c3aae0b3117f466a6c\"><span style=\"color: #000000;\">Anarosa Brand\u00e3o, Tecnologia<\/span><\/li><li class=\"has-text-color has-link-color wp-elements-cd0a615c760ee18dc0a34a8b210e3723\"><span style=\"color: #000000;\">Ros\u00e2ngela Prieto, Educa\u00e7\u00e3o Inclusiva<\/span><\/li><li class=\"has-text-color has-link-color wp-elements-a7ba4c054654052046adb25df36df73c\"><span style=\"color: #000000;\">Pedro Markun, Hackathon<\/span><\/li><li class=\"has-text-color has-link-color wp-elements-aeadd8e549a0918e1d8a3e27e648aaef\"><span style=\"color: #000000;\"><strong>George Valen\u00e7a, Design \u00c9tico<\/strong><\/span><\/li><\/ul>\t\t\t\t\t\t\t\t<\/div>\n\t\t\t\t<\/div>\n\t\t\t\t\t<\/div>\n\t\t\t\t<\/div>\n\t\t<div class=\"elementor-element elementor-element-5a1267f e-grid e-con-boxed e-con e-parent\" data-id=\"5a1267f\" data-element_type=\"container\" data-e-type=\"container\">\n\t\t\t\t\t<div class=\"e-con-inner\">\n\t\t\t\t<div class=\"elementor-element elementor-element-35e1638 elementor-widget elementor-widget-image\" data-id=\"35e1638\" data-element_type=\"widget\" data-e-type=\"widget\" data-widget_type=\"image.default\">\n\t\t\t\t<div class=\"elementor-widget-container\">\n\t\t\t\t\t\t\t\t\t\t\t\t\t\t\t<img fetchpriority=\"high\" decoding=\"async\" width=\"768\" height=\"1152\" src=\"https:\/\/grupoaspas.com\/wp-content\/uploads\/2025\/10\/MG_9692-768x1152.jpg\" class=\"attachment-medium_large size-medium_large wp-image-2074\" alt=\"\" srcset=\"https:\/\/grupoaspas.com\/wp-content\/uploads\/2025\/10\/MG_9692-768x1152.jpg 768w, https:\/\/grupoaspas.com\/wp-content\/uploads\/2025\/10\/MG_9692-200x300.jpg 200w, https:\/\/grupoaspas.com\/wp-content\/uploads\/2025\/10\/MG_9692-683x1024.jpg 683w, https:\/\/grupoaspas.com\/wp-content\/uploads\/2025\/10\/MG_9692-1024x1536.jpg 1024w, https:\/\/grupoaspas.com\/wp-content\/uploads\/2025\/10\/MG_9692-1365x2048.jpg 1365w, https:\/\/grupoaspas.com\/wp-content\/uploads\/2025\/10\/MG_9692-scaled.jpg 1707w\" sizes=\"(max-width: 768px) 100vw, 768px\" \/>\t\t\t\t\t\t\t\t\t\t\t\t\t\t\t<\/div>\n\t\t\t\t<\/div>\n\t\t\t\t<div class=\"elementor-element elementor-element-58b1517 elementor-widget elementor-widget-image\" data-id=\"58b1517\" data-element_type=\"widget\" data-e-type=\"widget\" data-widget_type=\"image.default\">\n\t\t\t\t<div class=\"elementor-widget-container\">\n\t\t\t\t\t\t\t\t\t\t\t\t\t\t\t<img decoding=\"async\" width=\"768\" height=\"512\" src=\"https:\/\/grupoaspas.com\/wp-content\/uploads\/2025\/10\/MG_9702-768x512.jpg\" class=\"attachment-medium_large size-medium_large wp-image-2075\" alt=\"\" srcset=\"https:\/\/grupoaspas.com\/wp-content\/uploads\/2025\/10\/MG_9702-768x512.jpg 768w, https:\/\/grupoaspas.com\/wp-content\/uploads\/2025\/10\/MG_9702-300x200.jpg 300w, https:\/\/grupoaspas.com\/wp-content\/uploads\/2025\/10\/MG_9702-1024x683.jpg 1024w, https:\/\/grupoaspas.com\/wp-content\/uploads\/2025\/10\/MG_9702-1536x1024.jpg 1536w, https:\/\/grupoaspas.com\/wp-content\/uploads\/2025\/10\/MG_9702-2048x1365.jpg 2048w\" sizes=\"(max-width: 768px) 100vw, 768px\" \/>\t\t\t\t\t\t\t\t\t\t\t\t\t\t\t<\/div>\n\t\t\t\t<\/div>\n\t\t\t\t\t<\/div>\n\t\t\t\t<\/div>\n\t\t\t\t<\/div>\n\t\t","protected":false},"excerpt":{"rendered":"<p>08 de Outubro de 2025 USP \/ Instituto Alana Hackathon Local: InovaUSP, S\u00e3o Paulo-SP Idioma: Portugu\u00eas Vamos usar a intelig\u00eancia artificial para tornar a educa\u00e7\u00e3o mais inclusiva.\u00a0 Nos plant\u00f5es online os participantes da Hackathon tiraram d\u00favidas com professores da USP e orientadores, e compartilharam experi\u00eancias com integrantes de outras equipes. Tamb\u00e9m foi poss\u00edvel solicitar apoio [&hellip;]<\/p>\n","protected":false},"author":2,"featured_media":2073,"comment_status":"open","ping_status":"open","sticky":false,"template":"","format":"standard","meta":{"_acf_changed":false,"footnotes":""},"categories":[42],"tags":[],"class_list":["post-2065","post","type-post","status-publish","format-standard","has-post-thumbnail","hentry","category-palestras"],"acf":[],"yoast_head":"<!-- This site is optimized with the Yoast SEO plugin v25.3 - https:\/\/yoast.com\/wordpress\/plugins\/seo\/ -->\n<title>USP\/Alana Hackathon [IAEI] Intelig\u00eancia Artificial na Educa\u00e7\u00e3o Inclusiva - ASPAS - Aspectos Sociot\u00e9cnicos em Plataformas de Software<\/title>\n<meta name=\"robots\" content=\"index, follow, max-snippet:-1, max-image-preview:large, max-video-preview:-1\" \/>\n<link rel=\"canonical\" href=\"https:\/\/grupoaspas.com\/?p=2065\" \/>\n<meta property=\"og:locale\" content=\"pt_BR\" \/>\n<meta property=\"og:type\" content=\"article\" \/>\n<meta property=\"og:title\" content=\"USP\/Alana Hackathon [IAEI] Intelig\u00eancia Artificial na Educa\u00e7\u00e3o Inclusiva - ASPAS - Aspectos Sociot\u00e9cnicos em Plataformas de Software\" \/>\n<meta property=\"og:description\" content=\"08 de Outubro de 2025 USP \/ Instituto Alana Hackathon Local: InovaUSP, S\u00e3o Paulo-SP Idioma: Portugu\u00eas Vamos usar a intelig\u00eancia artificial para tornar a educa\u00e7\u00e3o mais inclusiva.\u00a0 Nos plant\u00f5es online os participantes da Hackathon tiraram d\u00favidas com professores da USP e orientadores, e compartilharam experi\u00eancias com integrantes de outras equipes. Tamb\u00e9m foi poss\u00edvel solicitar apoio [&hellip;]\" \/>\n<meta property=\"og:url\" content=\"https:\/\/grupoaspas.com\/?p=2065\" \/>\n<meta property=\"og:site_name\" content=\"ASPAS - Aspectos Sociot\u00e9cnicos em Plataformas de Software\" \/>\n<meta property=\"article:published_time\" content=\"2025-10-08T20:00:48+00:00\" \/>\n<meta property=\"article:modified_time\" content=\"2025-10-18T17:21:58+00:00\" \/>\n<meta property=\"og:image\" content=\"https:\/\/grupoaspas.com\/wp-content\/uploads\/2025\/10\/MG_9310-scaled-e1760807988904.jpg\" \/>\n\t<meta property=\"og:image:width\" content=\"930\" \/>\n\t<meta property=\"og:image:height\" content=\"810\" \/>\n\t<meta property=\"og:image:type\" content=\"image\/jpeg\" \/>\n<meta name=\"author\" content=\"Carolina Neves\" \/>\n<meta name=\"twitter:card\" content=\"summary_large_image\" \/>\n<meta name=\"twitter:label1\" content=\"Escrito por\" \/>\n\t<meta name=\"twitter:data1\" content=\"Carolina Neves\" \/>\n\t<meta name=\"twitter:label2\" content=\"Est. tempo de leitura\" \/>\n\t<meta name=\"twitter:data2\" content=\"1 minuto\" \/>\n<script type=\"application\/ld+json\" class=\"yoast-schema-graph\">{\"@context\":\"https:\/\/schema.org\",\"@graph\":[{\"@type\":\"Article\",\"@id\":\"https:\/\/grupoaspas.com\/?p=2065#article\",\"isPartOf\":{\"@id\":\"https:\/\/grupoaspas.com\/?p=2065\"},\"author\":{\"name\":\"Carolina Neves\",\"@id\":\"https:\/\/grupoaspas.com\/#\/schema\/person\/c3affed9f98ac5cf5bd43c0ae2b08326\"},\"headline\":\"USP\/Alana Hackathon [IAEI] Intelig\u00eancia Artificial na Educa\u00e7\u00e3o Inclusiva\",\"datePublished\":\"2025-10-08T20:00:48+00:00\",\"dateModified\":\"2025-10-18T17:21:58+00:00\",\"mainEntityOfPage\":{\"@id\":\"https:\/\/grupoaspas.com\/?p=2065\"},\"wordCount\":116,\"commentCount\":0,\"publisher\":{\"@id\":\"https:\/\/grupoaspas.com\/#organization\"},\"image\":{\"@id\":\"https:\/\/grupoaspas.com\/?p=2065#primaryimage\"},\"thumbnailUrl\":\"https:\/\/grupoaspas.com\/wp-content\/uploads\/2025\/10\/MG_9310-scaled-e1760807988904.jpg\",\"articleSection\":[\"Palestras\"],\"inLanguage\":\"pt-BR\",\"potentialAction\":[{\"@type\":\"CommentAction\",\"name\":\"Comment\",\"target\":[\"https:\/\/grupoaspas.com\/?p=2065#respond\"]}]},{\"@type\":\"WebPage\",\"@id\":\"https:\/\/grupoaspas.com\/?p=2065\",\"url\":\"https:\/\/grupoaspas.com\/?p=2065\",\"name\":\"USP\/Alana Hackathon [IAEI] Intelig\u00eancia Artificial na Educa\u00e7\u00e3o Inclusiva - ASPAS - Aspectos Sociot\u00e9cnicos em Plataformas de Software\",\"isPartOf\":{\"@id\":\"https:\/\/grupoaspas.com\/#website\"},\"primaryImageOfPage\":{\"@id\":\"https:\/\/grupoaspas.com\/?p=2065#primaryimage\"},\"image\":{\"@id\":\"https:\/\/grupoaspas.com\/?p=2065#primaryimage\"},\"thumbnailUrl\":\"https:\/\/grupoaspas.com\/wp-content\/uploads\/2025\/10\/MG_9310-scaled-e1760807988904.jpg\",\"datePublished\":\"2025-10-08T20:00:48+00:00\",\"dateModified\":\"2025-10-18T17:21:58+00:00\",\"breadcrumb\":{\"@id\":\"https:\/\/grupoaspas.com\/?p=2065#breadcrumb\"},\"inLanguage\":\"pt-BR\",\"potentialAction\":[{\"@type\":\"ReadAction\",\"target\":[\"https:\/\/grupoaspas.com\/?p=2065\"]}]},{\"@type\":\"ImageObject\",\"inLanguage\":\"pt-BR\",\"@id\":\"https:\/\/grupoaspas.com\/?p=2065#primaryimage\",\"url\":\"https:\/\/grupoaspas.com\/wp-content\/uploads\/2025\/10\/MG_9310-scaled-e1760807988904.jpg\",\"contentUrl\":\"https:\/\/grupoaspas.com\/wp-content\/uploads\/2025\/10\/MG_9310-scaled-e1760807988904.jpg\",\"width\":930,\"height\":810},{\"@type\":\"BreadcrumbList\",\"@id\":\"https:\/\/grupoaspas.com\/?p=2065#breadcrumb\",\"itemListElement\":[{\"@type\":\"ListItem\",\"position\":1,\"name\":\"In\u00edcio\",\"item\":\"https:\/\/grupoaspas.com\/\"},{\"@type\":\"ListItem\",\"position\":2,\"name\":\"USP\/Alana Hackathon [IAEI] Intelig\u00eancia Artificial na Educa\u00e7\u00e3o Inclusiva\"}]},{\"@type\":\"WebSite\",\"@id\":\"https:\/\/grupoaspas.com\/#website\",\"url\":\"https:\/\/grupoaspas.com\/\",\"name\":\"Grupo ASPAS\",\"description\":\"Site do Grupo de Pesquisa de Aspectos Sociot\u00e9cnicos em Plataformas de Software da UFRPE\",\"publisher\":{\"@id\":\"https:\/\/grupoaspas.com\/#organization\"},\"alternateName\":\"ASPAS - Aspectos Sociot\u00e9cnicos em Plataformas de Software\",\"potentialAction\":[{\"@type\":\"SearchAction\",\"target\":{\"@type\":\"EntryPoint\",\"urlTemplate\":\"https:\/\/grupoaspas.com\/?s={search_term_string}\"},\"query-input\":{\"@type\":\"PropertyValueSpecification\",\"valueRequired\":true,\"valueName\":\"search_term_string\"}}],\"inLanguage\":\"pt-BR\"},{\"@type\":\"Organization\",\"@id\":\"https:\/\/grupoaspas.com\/#organization\",\"name\":\"ASPAS - Aspectos Sociot\u00e9cnicos em Plataformas de Software\",\"url\":\"https:\/\/grupoaspas.com\/\",\"logo\":{\"@type\":\"ImageObject\",\"inLanguage\":\"pt-BR\",\"@id\":\"https:\/\/grupoaspas.com\/#\/schema\/logo\/image\/\",\"url\":\"https:\/\/grupoaspas.com\/wp-content\/uploads\/2025\/03\/cropped-Frame-337.png\",\"contentUrl\":\"https:\/\/grupoaspas.com\/wp-content\/uploads\/2025\/03\/cropped-Frame-337.png\",\"width\":319,\"height\":88,\"caption\":\"ASPAS - Aspectos Sociot\u00e9cnicos em Plataformas de Software\"},\"image\":{\"@id\":\"https:\/\/grupoaspas.com\/#\/schema\/logo\/image\/\"}},{\"@type\":\"Person\",\"@id\":\"https:\/\/grupoaspas.com\/#\/schema\/person\/c3affed9f98ac5cf5bd43c0ae2b08326\",\"name\":\"Carolina Neves\",\"image\":{\"@type\":\"ImageObject\",\"inLanguage\":\"pt-BR\",\"@id\":\"https:\/\/grupoaspas.com\/#\/schema\/person\/image\/\",\"url\":\"https:\/\/secure.gravatar.com\/avatar\/22da7d53b24e43b86a5b34b3bd412106?s=96&d=mm&r=g\",\"contentUrl\":\"https:\/\/secure.gravatar.com\/avatar\/22da7d53b24e43b86a5b34b3bd412106?s=96&d=mm&r=g\",\"caption\":\"Carolina Neves\"},\"url\":\"https:\/\/grupoaspas.com\/?author=2\"}]}<\/script>\n<!-- \/ Yoast SEO plugin. -->","yoast_head_json":{"title":"USP\/Alana Hackathon [IAEI] Intelig\u00eancia Artificial na Educa\u00e7\u00e3o Inclusiva - ASPAS - Aspectos Sociot\u00e9cnicos em Plataformas de Software","robots":{"index":"index","follow":"follow","max-snippet":"max-snippet:-1","max-image-preview":"max-image-preview:large","max-video-preview":"max-video-preview:-1"},"canonical":"https:\/\/grupoaspas.com\/?p=2065","og_locale":"pt_BR","og_type":"article","og_title":"USP\/Alana Hackathon [IAEI] Intelig\u00eancia Artificial na Educa\u00e7\u00e3o Inclusiva - ASPAS - Aspectos Sociot\u00e9cnicos em Plataformas de Software","og_description":"08 de Outubro de 2025 USP \/ Instituto Alana Hackathon Local: InovaUSP, S\u00e3o Paulo-SP Idioma: Portugu\u00eas Vamos usar a intelig\u00eancia artificial para tornar a educa\u00e7\u00e3o mais inclusiva.\u00a0 Nos plant\u00f5es online os participantes da Hackathon tiraram d\u00favidas com professores da USP e orientadores, e compartilharam experi\u00eancias com integrantes de outras equipes. Tamb\u00e9m foi poss\u00edvel solicitar apoio [&hellip;]","og_url":"https:\/\/grupoaspas.com\/?p=2065","og_site_name":"ASPAS - Aspectos Sociot\u00e9cnicos em Plataformas de Software","article_published_time":"2025-10-08T20:00:48+00:00","article_modified_time":"2025-10-18T17:21:58+00:00","og_image":[{"width":930,"height":810,"url":"https:\/\/grupoaspas.com\/wp-content\/uploads\/2025\/10\/MG_9310-scaled-e1760807988904.jpg","type":"image\/jpeg"}],"author":"Carolina Neves","twitter_card":"summary_large_image","twitter_misc":{"Escrito por":"Carolina Neves","Est. tempo de leitura":"1 minuto"},"schema":{"@context":"https:\/\/schema.org","@graph":[{"@type":"Article","@id":"https:\/\/grupoaspas.com\/?p=2065#article","isPartOf":{"@id":"https:\/\/grupoaspas.com\/?p=2065"},"author":{"name":"Carolina Neves","@id":"https:\/\/grupoaspas.com\/#\/schema\/person\/c3affed9f98ac5cf5bd43c0ae2b08326"},"headline":"USP\/Alana Hackathon [IAEI] Intelig\u00eancia Artificial na Educa\u00e7\u00e3o Inclusiva","datePublished":"2025-10-08T20:00:48+00:00","dateModified":"2025-10-18T17:21:58+00:00","mainEntityOfPage":{"@id":"https:\/\/grupoaspas.com\/?p=2065"},"wordCount":116,"commentCount":0,"publisher":{"@id":"https:\/\/grupoaspas.com\/#organization"},"image":{"@id":"https:\/\/grupoaspas.com\/?p=2065#primaryimage"},"thumbnailUrl":"https:\/\/grupoaspas.com\/wp-content\/uploads\/2025\/10\/MG_9310-scaled-e1760807988904.jpg","articleSection":["Palestras"],"inLanguage":"pt-BR","potentialAction":[{"@type":"CommentAction","name":"Comment","target":["https:\/\/grupoaspas.com\/?p=2065#respond"]}]},{"@type":"WebPage","@id":"https:\/\/grupoaspas.com\/?p=2065","url":"https:\/\/grupoaspas.com\/?p=2065","name":"USP\/Alana Hackathon [IAEI] Intelig\u00eancia Artificial na Educa\u00e7\u00e3o Inclusiva - ASPAS - Aspectos Sociot\u00e9cnicos em Plataformas de Software","isPartOf":{"@id":"https:\/\/grupoaspas.com\/#website"},"primaryImageOfPage":{"@id":"https:\/\/grupoaspas.com\/?p=2065#primaryimage"},"image":{"@id":"https:\/\/grupoaspas.com\/?p=2065#primaryimage"},"thumbnailUrl":"https:\/\/grupoaspas.com\/wp-content\/uploads\/2025\/10\/MG_9310-scaled-e1760807988904.jpg","datePublished":"2025-10-08T20:00:48+00:00","dateModified":"2025-10-18T17:21:58+00:00","breadcrumb":{"@id":"https:\/\/grupoaspas.com\/?p=2065#breadcrumb"},"inLanguage":"pt-BR","potentialAction":[{"@type":"ReadAction","target":["https:\/\/grupoaspas.com\/?p=2065"]}]},{"@type":"ImageObject","inLanguage":"pt-BR","@id":"https:\/\/grupoaspas.com\/?p=2065#primaryimage","url":"https:\/\/grupoaspas.com\/wp-content\/uploads\/2025\/10\/MG_9310-scaled-e1760807988904.jpg","contentUrl":"https:\/\/grupoaspas.com\/wp-content\/uploads\/2025\/10\/MG_9310-scaled-e1760807988904.jpg","width":930,"height":810},{"@type":"BreadcrumbList","@id":"https:\/\/grupoaspas.com\/?p=2065#breadcrumb","itemListElement":[{"@type":"ListItem","position":1,"name":"In\u00edcio","item":"https:\/\/grupoaspas.com\/"},{"@type":"ListItem","position":2,"name":"USP\/Alana Hackathon [IAEI] Intelig\u00eancia Artificial na Educa\u00e7\u00e3o Inclusiva"}]},{"@type":"WebSite","@id":"https:\/\/grupoaspas.com\/#website","url":"https:\/\/grupoaspas.com\/","name":"Grupo ASPAS","description":"Site do Grupo de Pesquisa de Aspectos Sociot\u00e9cnicos em Plataformas de Software da UFRPE","publisher":{"@id":"https:\/\/grupoaspas.com\/#organization"},"alternateName":"ASPAS - Aspectos Sociot\u00e9cnicos em Plataformas de Software","potentialAction":[{"@type":"SearchAction","target":{"@type":"EntryPoint","urlTemplate":"https:\/\/grupoaspas.com\/?s={search_term_string}"},"query-input":{"@type":"PropertyValueSpecification","valueRequired":true,"valueName":"search_term_string"}}],"inLanguage":"pt-BR"},{"@type":"Organization","@id":"https:\/\/grupoaspas.com\/#organization","name":"ASPAS - Aspectos Sociot\u00e9cnicos em Plataformas de Software","url":"https:\/\/grupoaspas.com\/","logo":{"@type":"ImageObject","inLanguage":"pt-BR","@id":"https:\/\/grupoaspas.com\/#\/schema\/logo\/image\/","url":"https:\/\/grupoaspas.com\/wp-content\/uploads\/2025\/03\/cropped-Frame-337.png","contentUrl":"https:\/\/grupoaspas.com\/wp-content\/uploads\/2025\/03\/cropped-Frame-337.png","width":319,"height":88,"caption":"ASPAS - Aspectos Sociot\u00e9cnicos em Plataformas de Software"},"image":{"@id":"https:\/\/grupoaspas.com\/#\/schema\/logo\/image\/"}},{"@type":"Person","@id":"https:\/\/grupoaspas.com\/#\/schema\/person\/c3affed9f98ac5cf5bd43c0ae2b08326","name":"Carolina Neves","image":{"@type":"ImageObject","inLanguage":"pt-BR","@id":"https:\/\/grupoaspas.com\/#\/schema\/person\/image\/","url":"https:\/\/secure.gravatar.com\/avatar\/22da7d53b24e43b86a5b34b3bd412106?s=96&d=mm&r=g","contentUrl":"https:\/\/secure.gravatar.com\/avatar\/22da7d53b24e43b86a5b34b3bd412106?s=96&d=mm&r=g","caption":"Carolina Neves"},"url":"https:\/\/grupoaspas.com\/?author=2"}]}},"_links":{"self":[{"href":"https:\/\/grupoaspas.com\/index.php?rest_route=\/wp\/v2\/posts\/2065","targetHints":{"allow":["GET"]}}],"collection":[{"href":"https:\/\/grupoaspas.com\/index.php?rest_route=\/wp\/v2\/posts"}],"about":[{"href":"https:\/\/grupoaspas.com\/index.php?rest_route=\/wp\/v2\/types\/post"}],"author":[{"embeddable":true,"href":"https:\/\/grupoaspas.com\/index.php?rest_route=\/wp\/v2\/users\/2"}],"replies":[{"embeddable":true,"href":"https:\/\/grupoaspas.com\/index.php?rest_route=%2Fwp%2Fv2%2Fcomments&post=2065"}],"version-history":[{"count":7,"href":"https:\/\/grupoaspas.com\/index.php?rest_route=\/wp\/v2\/posts\/2065\/revisions"}],"predecessor-version":[{"id":2078,"href":"https:\/\/grupoaspas.com\/index.php?rest_route=\/wp\/v2\/posts\/2065\/revisions\/2078"}],"wp:featuredmedia":[{"embeddable":true,"href":"https:\/\/grupoaspas.com\/index.php?rest_route=\/wp\/v2\/media\/2073"}],"wp:attachment":[{"href":"https:\/\/grupoaspas.com\/index.php?rest_route=%2Fwp%2Fv2%2Fmedia&parent=2065"}],"wp:term":[{"taxonomy":"category","embeddable":true,"href":"https:\/\/grupoaspas.com\/index.php?rest_route=%2Fwp%2Fv2%2Fcategories&post=2065"},{"taxonomy":"post_tag","embeddable":true,"href":"https:\/\/grupoaspas.com\/index.php?rest_route=%2Fwp%2Fv2%2Ftags&post=2065"}],"curies":[{"name":"wp","href":"https:\/\/api.w.org\/{rel}","templated":true}]}}