{"id":2048,"date":"2025-09-18T09:23:17","date_gmt":"2025-09-18T12:23:17","guid":{"rendered":"https:\/\/grupoaspas.com\/?p=2048"},"modified":"2025-10-18T13:33:56","modified_gmt":"2025-10-18T16:33:56","slug":"desinformacao-e-ameacas-online-contra-criancas-e-adolescentes-e-direitos-conectados-ao-uso-de-tecnologias-e-protecao-da-infancia","status":"publish","type":"post","link":"https:\/\/grupoaspas.com\/?p=2048","title":{"rendered":"Desinforma\u00e7\u00e3o e Amea\u00e7as Online contra Crian\u00e7as e Adolescentes e Direitos Conectados ao Uso de Tecnologias e Prote\u00e7\u00e3o da Inf\u00e2ncia"},"content":{"rendered":"\t\t<div data-elementor-type=\"wp-post\" data-elementor-id=\"2048\" class=\"elementor elementor-2048\" data-elementor-post-type=\"post\">\n\t\t\t\t<div class=\"elementor-element elementor-element-dcca08c e-flex e-con-boxed e-con e-parent\" data-id=\"dcca08c\" data-element_type=\"container\" data-e-type=\"container\">\n\t\t\t\t\t<div class=\"e-con-inner\">\n\t\t\t\t<div class=\"elementor-element elementor-element-f14ae72 elementor-widget elementor-widget-text-editor\" data-id=\"f14ae72\" data-element_type=\"widget\" data-e-type=\"widget\" data-widget_type=\"text-editor.default\">\n\t\t\t\t<div class=\"elementor-widget-container\">\n\t\t\t\t\t\t\t\t\t<p><span style=\"color: #000000;\">18 de Setembro de 2025<\/span><\/p><p><strong>Supremo Tribunal Federal<\/strong><\/p><p><span style=\"color: #000000;\">Local: Bras\u00edlia, DF<\/span><\/p><p><span style=\"color: #000000;\">Idioma: Portugu\u00eas<\/span><\/p><p><span style=\"color: #000000;\">Com o tema\u00a0&#8220;Desinforma\u00e7\u00e3o e Amea\u00e7as Online contra Crian\u00e7as e Adolescentes e Direitos Conectados ao Uso de Tecnologias e Prote\u00e7\u00e3o da Inf\u00e2ncia&#8221;, esta ser\u00e1 uma sess\u00e3o fechada para um grupo seleto de especialistas e\u00a0ocorrer\u00e1 no dia 18\/9 das 9:00 \u00e0s 11:00 no\u00a0Plen\u00e1rio da 2<sup>a<\/sup>\u00a0Turma do STF (Anexo II-B 4<sup>o<\/sup>\u00a0andar). O objetivo \u00e9 permitir um di\u00e1logo livre e aprofundado<span lang=\"EN-US\">\u00a0no formato Chatham House<\/span>\u00a0sobre os temas ligados \u00e0 primeira chamada p\u00fablica da Desinfoteca.\u00a0A conversa ser\u00e1 inicialmente provocada por Rafael Zanatta, Brenda Guedes, Ana d&#8217;Angelo e George Valen\u00e7a. Em seguida, o debate se aprofundar\u00e1 em quest\u00f5es-chave como estrat\u00e9gias para alinhar a prote\u00e7\u00e3o de crian\u00e7as e adolescentes a padr\u00f5es de direitos humanos, os desafios na responsabiliza\u00e7\u00e3o de plataformas e a capacidade institucional para a prote\u00e7\u00e3o online.<\/span><\/p><p><strong><a href=\"https:\/\/bibliotecadigital.stf.jus.br\/xmlui\/handle\/123456789\/7815\/discover?field=author&amp;filtertype=author&amp;filter_relational_operator=equals&amp;filter=Valen\u00e7a%2C+George\" target=\"_blank\" rel=\"noopener\">Leia mais na Desinfoteca do STF<\/a><\/strong><\/p>\t\t\t\t\t\t\t\t<\/div>\n\t\t\t\t<\/div>\n\t\t\t\t\t<\/div>\n\t\t\t\t<\/div>\n\t\t<div class=\"elementor-element elementor-element-e7c9e1c e-grid e-con-boxed e-con e-parent\" data-id=\"e7c9e1c\" data-element_type=\"container\" data-e-type=\"container\">\n\t\t\t\t\t<div class=\"e-con-inner\">\n\t\t\t\t<div class=\"elementor-element elementor-element-adf65cf elementor-widget elementor-widget-image\" data-id=\"adf65cf\" data-element_type=\"widget\" data-e-type=\"widget\" data-widget_type=\"image.default\">\n\t\t\t\t<div class=\"elementor-widget-container\">\n\t\t\t\t\t\t\t\t\t\t\t\t\t\t\t<img fetchpriority=\"high\" decoding=\"async\" width=\"800\" height=\"788\" src=\"https:\/\/grupoaspas.com\/wp-content\/uploads\/2025\/10\/2025-09-23-14.10.25-scaled-e1760805100456-1024x1008.jpg\" class=\"attachment-large size-large wp-image-2049\" alt=\"\" srcset=\"https:\/\/grupoaspas.com\/wp-content\/uploads\/2025\/10\/2025-09-23-14.10.25-scaled-e1760805100456-1024x1008.jpg 1024w, https:\/\/grupoaspas.com\/wp-content\/uploads\/2025\/10\/2025-09-23-14.10.25-scaled-e1760805100456-300x295.jpg 300w, https:\/\/grupoaspas.com\/wp-content\/uploads\/2025\/10\/2025-09-23-14.10.25-scaled-e1760805100456-768x756.jpg 768w, https:\/\/grupoaspas.com\/wp-content\/uploads\/2025\/10\/2025-09-23-14.10.25-scaled-e1760805100456.jpg 1440w\" sizes=\"(max-width: 800px) 100vw, 800px\" \/>\t\t\t\t\t\t\t\t\t\t\t\t\t\t\t<\/div>\n\t\t\t\t<\/div>\n\t\t\t\t<div class=\"elementor-element elementor-element-25eb6e2 elementor-widget elementor-widget-image\" data-id=\"25eb6e2\" data-element_type=\"widget\" data-e-type=\"widget\" data-widget_type=\"image.default\">\n\t\t\t\t<div class=\"elementor-widget-container\">\n\t\t\t\t\t\t\t\t\t\t\t\t\t\t\t<img decoding=\"async\" width=\"768\" height=\"1024\" src=\"https:\/\/grupoaspas.com\/wp-content\/uploads\/2025\/10\/2025-09-23-14.10.26-1-768x1024.jpg\" class=\"attachment-large size-large wp-image-2052\" alt=\"\" srcset=\"https:\/\/grupoaspas.com\/wp-content\/uploads\/2025\/10\/2025-09-23-14.10.26-1-768x1024.jpg 768w, https:\/\/grupoaspas.com\/wp-content\/uploads\/2025\/10\/2025-09-23-14.10.26-1-225x300.jpg 225w, https:\/\/grupoaspas.com\/wp-content\/uploads\/2025\/10\/2025-09-23-14.10.26-1-1152x1536.jpg 1152w, https:\/\/grupoaspas.com\/wp-content\/uploads\/2025\/10\/2025-09-23-14.10.26-1-1536x2048.jpg 1536w, https:\/\/grupoaspas.com\/wp-content\/uploads\/2025\/10\/2025-09-23-14.10.26-1-scaled.jpg 1920w\" sizes=\"(max-width: 768px) 100vw, 768px\" \/>\t\t\t\t\t\t\t\t\t\t\t\t\t\t\t<\/div>\n\t\t\t\t<\/div>\n\t\t\t\t\t<\/div>\n\t\t\t\t<\/div>\n\t\t\t\t<\/div>\n\t\t","protected":false},"excerpt":{"rendered":"<p>18 de Setembro de 2025 Supremo Tribunal Federal Local: Bras\u00edlia, DF Idioma: Portugu\u00eas Com o tema\u00a0&#8220;Desinforma\u00e7\u00e3o e Amea\u00e7as Online contra Crian\u00e7as e Adolescentes e Direitos Conectados ao Uso de Tecnologias e Prote\u00e7\u00e3o da Inf\u00e2ncia&#8221;, esta ser\u00e1 uma sess\u00e3o fechada para um grupo seleto de especialistas e\u00a0ocorrer\u00e1 no dia 18\/9 das 9:00 \u00e0s 11:00 no\u00a0Plen\u00e1rio da [&hellip;]<\/p>\n","protected":false},"author":2,"featured_media":2049,"comment_status":"open","ping_status":"open","sticky":false,"template":"","format":"standard","meta":{"_acf_changed":false,"footnotes":""},"categories":[42],"tags":[],"class_list":["post-2048","post","type-post","status-publish","format-standard","has-post-thumbnail","hentry","category-palestras"],"acf":[],"yoast_head":"<!-- This site is optimized with the Yoast SEO plugin v25.3 - https:\/\/yoast.com\/wordpress\/plugins\/seo\/ -->\n<title>Desinforma\u00e7\u00e3o e Amea\u00e7as Online contra Crian\u00e7as e Adolescentes e Direitos Conectados ao Uso de Tecnologias e Prote\u00e7\u00e3o da Inf\u00e2ncia - ASPAS - Aspectos Sociot\u00e9cnicos em Plataformas de Software<\/title>\n<meta name=\"robots\" content=\"index, follow, max-snippet:-1, max-image-preview:large, max-video-preview:-1\" \/>\n<link rel=\"canonical\" href=\"https:\/\/grupoaspas.com\/?p=2048\" \/>\n<meta property=\"og:locale\" content=\"pt_BR\" \/>\n<meta property=\"og:type\" content=\"article\" \/>\n<meta property=\"og:title\" content=\"Desinforma\u00e7\u00e3o e Amea\u00e7as Online contra Crian\u00e7as e Adolescentes e Direitos Conectados ao Uso de Tecnologias e Prote\u00e7\u00e3o da Inf\u00e2ncia - ASPAS - Aspectos Sociot\u00e9cnicos em Plataformas de Software\" \/>\n<meta property=\"og:description\" content=\"18 de Setembro de 2025 Supremo Tribunal Federal Local: Bras\u00edlia, DF Idioma: Portugu\u00eas Com o tema\u00a0&#8220;Desinforma\u00e7\u00e3o e Amea\u00e7as Online contra Crian\u00e7as e Adolescentes e Direitos Conectados ao Uso de Tecnologias e Prote\u00e7\u00e3o da Inf\u00e2ncia&#8221;, esta ser\u00e1 uma sess\u00e3o fechada para um grupo seleto de especialistas e\u00a0ocorrer\u00e1 no dia 18\/9 das 9:00 \u00e0s 11:00 no\u00a0Plen\u00e1rio da [&hellip;]\" \/>\n<meta property=\"og:url\" content=\"https:\/\/grupoaspas.com\/?p=2048\" \/>\n<meta property=\"og:site_name\" content=\"ASPAS - Aspectos Sociot\u00e9cnicos em Plataformas de Software\" \/>\n<meta property=\"article:published_time\" content=\"2025-09-18T12:23:17+00:00\" \/>\n<meta property=\"article:modified_time\" content=\"2025-10-18T16:33:56+00:00\" \/>\n<meta property=\"og:image\" content=\"https:\/\/grupoaspas.com\/wp-content\/uploads\/2025\/10\/2025-09-23-14.10.25-scaled-e1760805100456.jpg\" \/>\n\t<meta property=\"og:image:width\" content=\"1440\" \/>\n\t<meta property=\"og:image:height\" content=\"1417\" \/>\n\t<meta property=\"og:image:type\" content=\"image\/jpeg\" \/>\n<meta name=\"author\" content=\"Carolina Neves\" \/>\n<meta name=\"twitter:card\" content=\"summary_large_image\" \/>\n<meta name=\"twitter:label1\" content=\"Escrito por\" \/>\n\t<meta name=\"twitter:data1\" content=\"Carolina Neves\" \/>\n\t<meta name=\"twitter:label2\" content=\"Est. tempo de leitura\" \/>\n\t<meta name=\"twitter:data2\" content=\"2 minutos\" \/>\n<script type=\"application\/ld+json\" class=\"yoast-schema-graph\">{\"@context\":\"https:\/\/schema.org\",\"@graph\":[{\"@type\":\"Article\",\"@id\":\"https:\/\/grupoaspas.com\/?p=2048#article\",\"isPartOf\":{\"@id\":\"https:\/\/grupoaspas.com\/?p=2048\"},\"author\":{\"name\":\"Carolina Neves\",\"@id\":\"https:\/\/grupoaspas.com\/#\/schema\/person\/c3affed9f98ac5cf5bd43c0ae2b08326\"},\"headline\":\"Desinforma\u00e7\u00e3o e Amea\u00e7as Online contra Crian\u00e7as e Adolescentes e Direitos Conectados ao Uso de Tecnologias e Prote\u00e7\u00e3o da Inf\u00e2ncia\",\"datePublished\":\"2025-09-18T12:23:17+00:00\",\"dateModified\":\"2025-10-18T16:33:56+00:00\",\"mainEntityOfPage\":{\"@id\":\"https:\/\/grupoaspas.com\/?p=2048\"},\"wordCount\":184,\"commentCount\":0,\"publisher\":{\"@id\":\"https:\/\/grupoaspas.com\/#organization\"},\"image\":{\"@id\":\"https:\/\/grupoaspas.com\/?p=2048#primaryimage\"},\"thumbnailUrl\":\"https:\/\/grupoaspas.com\/wp-content\/uploads\/2025\/10\/2025-09-23-14.10.25-scaled-e1760805100456.jpg\",\"articleSection\":[\"Palestras\"],\"inLanguage\":\"pt-BR\",\"potentialAction\":[{\"@type\":\"CommentAction\",\"name\":\"Comment\",\"target\":[\"https:\/\/grupoaspas.com\/?p=2048#respond\"]}]},{\"@type\":\"WebPage\",\"@id\":\"https:\/\/grupoaspas.com\/?p=2048\",\"url\":\"https:\/\/grupoaspas.com\/?p=2048\",\"name\":\"Desinforma\u00e7\u00e3o e Amea\u00e7as Online contra Crian\u00e7as e Adolescentes e Direitos Conectados ao Uso de Tecnologias e Prote\u00e7\u00e3o da Inf\u00e2ncia - ASPAS - Aspectos Sociot\u00e9cnicos em Plataformas de Software\",\"isPartOf\":{\"@id\":\"https:\/\/grupoaspas.com\/#website\"},\"primaryImageOfPage\":{\"@id\":\"https:\/\/grupoaspas.com\/?p=2048#primaryimage\"},\"image\":{\"@id\":\"https:\/\/grupoaspas.com\/?p=2048#primaryimage\"},\"thumbnailUrl\":\"https:\/\/grupoaspas.com\/wp-content\/uploads\/2025\/10\/2025-09-23-14.10.25-scaled-e1760805100456.jpg\",\"datePublished\":\"2025-09-18T12:23:17+00:00\",\"dateModified\":\"2025-10-18T16:33:56+00:00\",\"breadcrumb\":{\"@id\":\"https:\/\/grupoaspas.com\/?p=2048#breadcrumb\"},\"inLanguage\":\"pt-BR\",\"potentialAction\":[{\"@type\":\"ReadAction\",\"target\":[\"https:\/\/grupoaspas.com\/?p=2048\"]}]},{\"@type\":\"ImageObject\",\"inLanguage\":\"pt-BR\",\"@id\":\"https:\/\/grupoaspas.com\/?p=2048#primaryimage\",\"url\":\"https:\/\/grupoaspas.com\/wp-content\/uploads\/2025\/10\/2025-09-23-14.10.25-scaled-e1760805100456.jpg\",\"contentUrl\":\"https:\/\/grupoaspas.com\/wp-content\/uploads\/2025\/10\/2025-09-23-14.10.25-scaled-e1760805100456.jpg\",\"width\":1440,\"height\":1417},{\"@type\":\"BreadcrumbList\",\"@id\":\"https:\/\/grupoaspas.com\/?p=2048#breadcrumb\",\"itemListElement\":[{\"@type\":\"ListItem\",\"position\":1,\"name\":\"In\u00edcio\",\"item\":\"https:\/\/grupoaspas.com\/\"},{\"@type\":\"ListItem\",\"position\":2,\"name\":\"Desinforma\u00e7\u00e3o e Amea\u00e7as Online contra Crian\u00e7as e Adolescentes e Direitos Conectados ao Uso de Tecnologias e Prote\u00e7\u00e3o da Inf\u00e2ncia\"}]},{\"@type\":\"WebSite\",\"@id\":\"https:\/\/grupoaspas.com\/#website\",\"url\":\"https:\/\/grupoaspas.com\/\",\"name\":\"Grupo ASPAS\",\"description\":\"Site do Grupo de Pesquisa de Aspectos Sociot\u00e9cnicos em Plataformas de Software da UFRPE\",\"publisher\":{\"@id\":\"https:\/\/grupoaspas.com\/#organization\"},\"alternateName\":\"ASPAS - Aspectos Sociot\u00e9cnicos em Plataformas de Software\",\"potentialAction\":[{\"@type\":\"SearchAction\",\"target\":{\"@type\":\"EntryPoint\",\"urlTemplate\":\"https:\/\/grupoaspas.com\/?s={search_term_string}\"},\"query-input\":{\"@type\":\"PropertyValueSpecification\",\"valueRequired\":true,\"valueName\":\"search_term_string\"}}],\"inLanguage\":\"pt-BR\"},{\"@type\":\"Organization\",\"@id\":\"https:\/\/grupoaspas.com\/#organization\",\"name\":\"ASPAS - Aspectos Sociot\u00e9cnicos em Plataformas de Software\",\"url\":\"https:\/\/grupoaspas.com\/\",\"logo\":{\"@type\":\"ImageObject\",\"inLanguage\":\"pt-BR\",\"@id\":\"https:\/\/grupoaspas.com\/#\/schema\/logo\/image\/\",\"url\":\"https:\/\/grupoaspas.com\/wp-content\/uploads\/2025\/03\/cropped-Frame-337.png\",\"contentUrl\":\"https:\/\/grupoaspas.com\/wp-content\/uploads\/2025\/03\/cropped-Frame-337.png\",\"width\":319,\"height\":88,\"caption\":\"ASPAS - Aspectos Sociot\u00e9cnicos em Plataformas de Software\"},\"image\":{\"@id\":\"https:\/\/grupoaspas.com\/#\/schema\/logo\/image\/\"}},{\"@type\":\"Person\",\"@id\":\"https:\/\/grupoaspas.com\/#\/schema\/person\/c3affed9f98ac5cf5bd43c0ae2b08326\",\"name\":\"Carolina Neves\",\"image\":{\"@type\":\"ImageObject\",\"inLanguage\":\"pt-BR\",\"@id\":\"https:\/\/grupoaspas.com\/#\/schema\/person\/image\/\",\"url\":\"https:\/\/secure.gravatar.com\/avatar\/22da7d53b24e43b86a5b34b3bd412106?s=96&d=mm&r=g\",\"contentUrl\":\"https:\/\/secure.gravatar.com\/avatar\/22da7d53b24e43b86a5b34b3bd412106?s=96&d=mm&r=g\",\"caption\":\"Carolina Neves\"},\"url\":\"https:\/\/grupoaspas.com\/?author=2\"}]}<\/script>\n<!-- \/ Yoast SEO plugin. -->","yoast_head_json":{"title":"Desinforma\u00e7\u00e3o e Amea\u00e7as Online contra Crian\u00e7as e Adolescentes e Direitos Conectados ao Uso de Tecnologias e Prote\u00e7\u00e3o da Inf\u00e2ncia - ASPAS - Aspectos Sociot\u00e9cnicos em Plataformas de Software","robots":{"index":"index","follow":"follow","max-snippet":"max-snippet:-1","max-image-preview":"max-image-preview:large","max-video-preview":"max-video-preview:-1"},"canonical":"https:\/\/grupoaspas.com\/?p=2048","og_locale":"pt_BR","og_type":"article","og_title":"Desinforma\u00e7\u00e3o e Amea\u00e7as Online contra Crian\u00e7as e Adolescentes e Direitos Conectados ao Uso de Tecnologias e Prote\u00e7\u00e3o da Inf\u00e2ncia - ASPAS - Aspectos Sociot\u00e9cnicos em Plataformas de Software","og_description":"18 de Setembro de 2025 Supremo Tribunal Federal Local: Bras\u00edlia, DF Idioma: Portugu\u00eas Com o tema\u00a0&#8220;Desinforma\u00e7\u00e3o e Amea\u00e7as Online contra Crian\u00e7as e Adolescentes e Direitos Conectados ao Uso de Tecnologias e Prote\u00e7\u00e3o da Inf\u00e2ncia&#8221;, esta ser\u00e1 uma sess\u00e3o fechada para um grupo seleto de especialistas e\u00a0ocorrer\u00e1 no dia 18\/9 das 9:00 \u00e0s 11:00 no\u00a0Plen\u00e1rio da [&hellip;]","og_url":"https:\/\/grupoaspas.com\/?p=2048","og_site_name":"ASPAS - Aspectos Sociot\u00e9cnicos em Plataformas de Software","article_published_time":"2025-09-18T12:23:17+00:00","article_modified_time":"2025-10-18T16:33:56+00:00","og_image":[{"width":1440,"height":1417,"url":"https:\/\/grupoaspas.com\/wp-content\/uploads\/2025\/10\/2025-09-23-14.10.25-scaled-e1760805100456.jpg","type":"image\/jpeg"}],"author":"Carolina Neves","twitter_card":"summary_large_image","twitter_misc":{"Escrito por":"Carolina Neves","Est. tempo de leitura":"2 minutos"},"schema":{"@context":"https:\/\/schema.org","@graph":[{"@type":"Article","@id":"https:\/\/grupoaspas.com\/?p=2048#article","isPartOf":{"@id":"https:\/\/grupoaspas.com\/?p=2048"},"author":{"name":"Carolina Neves","@id":"https:\/\/grupoaspas.com\/#\/schema\/person\/c3affed9f98ac5cf5bd43c0ae2b08326"},"headline":"Desinforma\u00e7\u00e3o e Amea\u00e7as Online contra Crian\u00e7as e Adolescentes e Direitos Conectados ao Uso de Tecnologias e Prote\u00e7\u00e3o da Inf\u00e2ncia","datePublished":"2025-09-18T12:23:17+00:00","dateModified":"2025-10-18T16:33:56+00:00","mainEntityOfPage":{"@id":"https:\/\/grupoaspas.com\/?p=2048"},"wordCount":184,"commentCount":0,"publisher":{"@id":"https:\/\/grupoaspas.com\/#organization"},"image":{"@id":"https:\/\/grupoaspas.com\/?p=2048#primaryimage"},"thumbnailUrl":"https:\/\/grupoaspas.com\/wp-content\/uploads\/2025\/10\/2025-09-23-14.10.25-scaled-e1760805100456.jpg","articleSection":["Palestras"],"inLanguage":"pt-BR","potentialAction":[{"@type":"CommentAction","name":"Comment","target":["https:\/\/grupoaspas.com\/?p=2048#respond"]}]},{"@type":"WebPage","@id":"https:\/\/grupoaspas.com\/?p=2048","url":"https:\/\/grupoaspas.com\/?p=2048","name":"Desinforma\u00e7\u00e3o e Amea\u00e7as Online contra Crian\u00e7as e Adolescentes e Direitos Conectados ao Uso de Tecnologias e Prote\u00e7\u00e3o da Inf\u00e2ncia - ASPAS - Aspectos Sociot\u00e9cnicos em Plataformas de Software","isPartOf":{"@id":"https:\/\/grupoaspas.com\/#website"},"primaryImageOfPage":{"@id":"https:\/\/grupoaspas.com\/?p=2048#primaryimage"},"image":{"@id":"https:\/\/grupoaspas.com\/?p=2048#primaryimage"},"thumbnailUrl":"https:\/\/grupoaspas.com\/wp-content\/uploads\/2025\/10\/2025-09-23-14.10.25-scaled-e1760805100456.jpg","datePublished":"2025-09-18T12:23:17+00:00","dateModified":"2025-10-18T16:33:56+00:00","breadcrumb":{"@id":"https:\/\/grupoaspas.com\/?p=2048#breadcrumb"},"inLanguage":"pt-BR","potentialAction":[{"@type":"ReadAction","target":["https:\/\/grupoaspas.com\/?p=2048"]}]},{"@type":"ImageObject","inLanguage":"pt-BR","@id":"https:\/\/grupoaspas.com\/?p=2048#primaryimage","url":"https:\/\/grupoaspas.com\/wp-content\/uploads\/2025\/10\/2025-09-23-14.10.25-scaled-e1760805100456.jpg","contentUrl":"https:\/\/grupoaspas.com\/wp-content\/uploads\/2025\/10\/2025-09-23-14.10.25-scaled-e1760805100456.jpg","width":1440,"height":1417},{"@type":"BreadcrumbList","@id":"https:\/\/grupoaspas.com\/?p=2048#breadcrumb","itemListElement":[{"@type":"ListItem","position":1,"name":"In\u00edcio","item":"https:\/\/grupoaspas.com\/"},{"@type":"ListItem","position":2,"name":"Desinforma\u00e7\u00e3o e Amea\u00e7as Online contra Crian\u00e7as e Adolescentes e Direitos Conectados ao Uso de Tecnologias e Prote\u00e7\u00e3o da Inf\u00e2ncia"}]},{"@type":"WebSite","@id":"https:\/\/grupoaspas.com\/#website","url":"https:\/\/grupoaspas.com\/","name":"Grupo ASPAS","description":"Site do Grupo de Pesquisa de Aspectos Sociot\u00e9cnicos em Plataformas de Software da UFRPE","publisher":{"@id":"https:\/\/grupoaspas.com\/#organization"},"alternateName":"ASPAS - Aspectos Sociot\u00e9cnicos em Plataformas de Software","potentialAction":[{"@type":"SearchAction","target":{"@type":"EntryPoint","urlTemplate":"https:\/\/grupoaspas.com\/?s={search_term_string}"},"query-input":{"@type":"PropertyValueSpecification","valueRequired":true,"valueName":"search_term_string"}}],"inLanguage":"pt-BR"},{"@type":"Organization","@id":"https:\/\/grupoaspas.com\/#organization","name":"ASPAS - Aspectos Sociot\u00e9cnicos em Plataformas de Software","url":"https:\/\/grupoaspas.com\/","logo":{"@type":"ImageObject","inLanguage":"pt-BR","@id":"https:\/\/grupoaspas.com\/#\/schema\/logo\/image\/","url":"https:\/\/grupoaspas.com\/wp-content\/uploads\/2025\/03\/cropped-Frame-337.png","contentUrl":"https:\/\/grupoaspas.com\/wp-content\/uploads\/2025\/03\/cropped-Frame-337.png","width":319,"height":88,"caption":"ASPAS - Aspectos Sociot\u00e9cnicos em Plataformas de Software"},"image":{"@id":"https:\/\/grupoaspas.com\/#\/schema\/logo\/image\/"}},{"@type":"Person","@id":"https:\/\/grupoaspas.com\/#\/schema\/person\/c3affed9f98ac5cf5bd43c0ae2b08326","name":"Carolina Neves","image":{"@type":"ImageObject","inLanguage":"pt-BR","@id":"https:\/\/grupoaspas.com\/#\/schema\/person\/image\/","url":"https:\/\/secure.gravatar.com\/avatar\/22da7d53b24e43b86a5b34b3bd412106?s=96&d=mm&r=g","contentUrl":"https:\/\/secure.gravatar.com\/avatar\/22da7d53b24e43b86a5b34b3bd412106?s=96&d=mm&r=g","caption":"Carolina Neves"},"url":"https:\/\/grupoaspas.com\/?author=2"}]}},"_links":{"self":[{"href":"https:\/\/grupoaspas.com\/index.php?rest_route=\/wp\/v2\/posts\/2048","targetHints":{"allow":["GET"]}}],"collection":[{"href":"https:\/\/grupoaspas.com\/index.php?rest_route=\/wp\/v2\/posts"}],"about":[{"href":"https:\/\/grupoaspas.com\/index.php?rest_route=\/wp\/v2\/types\/post"}],"author":[{"embeddable":true,"href":"https:\/\/grupoaspas.com\/index.php?rest_route=\/wp\/v2\/users\/2"}],"replies":[{"embeddable":true,"href":"https:\/\/grupoaspas.com\/index.php?rest_route=%2Fwp%2Fv2%2Fcomments&post=2048"}],"version-history":[{"count":7,"href":"https:\/\/grupoaspas.com\/index.php?rest_route=\/wp\/v2\/posts\/2048\/revisions"}],"predecessor-version":[{"id":2058,"href":"https:\/\/grupoaspas.com\/index.php?rest_route=\/wp\/v2\/posts\/2048\/revisions\/2058"}],"wp:featuredmedia":[{"embeddable":true,"href":"https:\/\/grupoaspas.com\/index.php?rest_route=\/wp\/v2\/media\/2049"}],"wp:attachment":[{"href":"https:\/\/grupoaspas.com\/index.php?rest_route=%2Fwp%2Fv2%2Fmedia&parent=2048"}],"wp:term":[{"taxonomy":"category","embeddable":true,"href":"https:\/\/grupoaspas.com\/index.php?rest_route=%2Fwp%2Fv2%2Fcategories&post=2048"},{"taxonomy":"post_tag","embeddable":true,"href":"https:\/\/grupoaspas.com\/index.php?rest_route=%2Fwp%2Fv2%2Ftags&post=2048"}],"curies":[{"name":"wp","href":"https:\/\/api.w.org\/{rel}","templated":true}]}}