{"id":2040,"date":"2025-09-17T11:15:24","date_gmt":"2025-09-17T14:15:24","guid":{"rendered":"https:\/\/grupoaspas.com\/?p=2040"},"modified":"2025-10-18T13:35:18","modified_gmt":"2025-10-18T16:35:18","slug":"seguranca-digital-e-saude-mental-protecao-alem-da-tela","status":"publish","type":"post","link":"https:\/\/grupoaspas.com\/?p=2040","title":{"rendered":"Seguran\u00e7a digital e sa\u00fade mental: prote\u00e7\u00e3o al\u00e9m da tela"},"content":{"rendered":"\t\t<div data-elementor-type=\"wp-post\" data-elementor-id=\"2040\" class=\"elementor elementor-2040\" data-elementor-post-type=\"post\">\n\t\t\t\t<div class=\"elementor-element elementor-element-edf6024 e-flex e-con-boxed e-con e-parent\" data-id=\"edf6024\" data-element_type=\"container\" data-e-type=\"container\">\n\t\t\t\t\t<div class=\"e-con-inner\">\n\t\t\t\t<div class=\"elementor-element elementor-element-09a14c9 elementor-widget elementor-widget-text-editor\" data-id=\"09a14c9\" data-element_type=\"widget\" data-e-type=\"widget\" data-widget_type=\"text-editor.default\">\n\t\t\t\t<div class=\"elementor-widget-container\">\n\t\t\t\t\t\t\t\t\t<p><span style=\"color: #000000;\">17 de Setembro de 2025<\/span><\/p><p><a href=\"https:\/\/diariodorio.com\/centro-cultural-sesc-quitandinha-recebe-congresso-sobre-saude-mental-de-17-a-18-de-setembro\/\" target=\"_blank\" rel=\"noopener\"><strong>Congresso Sesc +Sa\u00fade<\/strong><\/a><\/p><p><span style=\"color: #000000;\">Local: Centro Cultural Sesc Quitandinha, Petr\u00f3polis, RJ<\/span><\/p><p><span style=\"color: #000000;\">Idioma: Portugu\u00eas<\/span><\/p><p><span style=\"color: #000000;\">O <strong>Congresso Sesc +Sa\u00fade<\/strong> \u00e9 um evento que surge ap\u00f3s tr\u00eas semin\u00e1rios sobre os desafios contempor\u00e2neos da sa\u00fade mental, reunindo especialistas de \u00e1reas como Filosofia, Neuroci\u00eancia e Ci\u00eancias da Sa\u00fade. O foco agora est\u00e1 em ampliar discuss\u00f5es sobre Aprendizado, Mem\u00f3ria e Ansiedade, a partir das intera\u00e7\u00f5es digitais e tecnol\u00f3gicas para promover o bem-estar.<\/span><\/p><p><span style=\"color: #000000;\">Realizado no Centro Cultural Sesc Quitandinha, em Petr\u00f3polis, nos dias 17 e 18 de setembro, o evento contou com palestras magnas, mesas de discuss\u00e3o, espa\u00e7o de oficinas e viv\u00eancias e exposi\u00e7\u00f5es de trabalhos acad\u00eamicos, atraindo um p\u00fablico diversificado. Alinhado aos Objetivos de Desenvolvimento Sustent\u00e1vel (ODS 3 e 4) da ONU, o Congresso Sesc Mais Sa\u00fade consolida o Sesc RJ como uma refer\u00eancia na promo\u00e7\u00e3o da sa\u00fade mental.<\/span><\/p>\t\t\t\t\t\t\t\t<\/div>\n\t\t\t\t<\/div>\n\t\t\t\t\t<\/div>\n\t\t\t\t<\/div>\n\t\t<div class=\"elementor-element elementor-element-f3db6e5 e-grid e-con-boxed e-con e-parent\" data-id=\"f3db6e5\" data-element_type=\"container\" data-e-type=\"container\">\n\t\t\t\t\t<div class=\"e-con-inner\">\n\t\t\t\t<div class=\"elementor-element elementor-element-8fd4ffb elementor-widget elementor-widget-image\" data-id=\"8fd4ffb\" data-element_type=\"widget\" data-e-type=\"widget\" data-widget_type=\"image.default\">\n\t\t\t\t<div class=\"elementor-widget-container\">\n\t\t\t\t\t\t\t\t\t\t\t\t\t\t\t<img fetchpriority=\"high\" decoding=\"async\" width=\"800\" height=\"533\" src=\"https:\/\/grupoaspas.com\/wp-content\/uploads\/2025\/10\/2025-09-23-13.27.25-1024x682.jpg\" class=\"attachment-large size-large wp-image-2044\" alt=\"\" srcset=\"https:\/\/grupoaspas.com\/wp-content\/uploads\/2025\/10\/2025-09-23-13.27.25-1024x682.jpg 1024w, https:\/\/grupoaspas.com\/wp-content\/uploads\/2025\/10\/2025-09-23-13.27.25-300x200.jpg 300w, https:\/\/grupoaspas.com\/wp-content\/uploads\/2025\/10\/2025-09-23-13.27.25-768x512.jpg 768w, https:\/\/grupoaspas.com\/wp-content\/uploads\/2025\/10\/2025-09-23-13.27.25-1536x1023.jpg 1536w, https:\/\/grupoaspas.com\/wp-content\/uploads\/2025\/10\/2025-09-23-13.27.25.jpg 1600w\" sizes=\"(max-width: 800px) 100vw, 800px\" \/>\t\t\t\t\t\t\t\t\t\t\t\t\t\t\t<\/div>\n\t\t\t\t<\/div>\n\t\t\t\t<div class=\"elementor-element elementor-element-8c1b0df elementor-widget elementor-widget-image\" data-id=\"8c1b0df\" data-element_type=\"widget\" data-e-type=\"widget\" data-widget_type=\"image.default\">\n\t\t\t\t<div class=\"elementor-widget-container\">\n\t\t\t\t\t\t\t\t\t\t\t\t\t\t\t<img decoding=\"async\" width=\"800\" height=\"533\" src=\"https:\/\/grupoaspas.com\/wp-content\/uploads\/2025\/10\/2025-09-23-13.27.22-5-1024x682.jpg\" class=\"attachment-large size-large wp-image-2041\" alt=\"\" srcset=\"https:\/\/grupoaspas.com\/wp-content\/uploads\/2025\/10\/2025-09-23-13.27.22-5-1024x682.jpg 1024w, https:\/\/grupoaspas.com\/wp-content\/uploads\/2025\/10\/2025-09-23-13.27.22-5-300x200.jpg 300w, https:\/\/grupoaspas.com\/wp-content\/uploads\/2025\/10\/2025-09-23-13.27.22-5-768x512.jpg 768w, https:\/\/grupoaspas.com\/wp-content\/uploads\/2025\/10\/2025-09-23-13.27.22-5-1536x1023.jpg 1536w, https:\/\/grupoaspas.com\/wp-content\/uploads\/2025\/10\/2025-09-23-13.27.22-5.jpg 1600w\" sizes=\"(max-width: 800px) 100vw, 800px\" \/>\t\t\t\t\t\t\t\t\t\t\t\t\t\t\t<\/div>\n\t\t\t\t<\/div>\n\t\t\t\t\t<\/div>\n\t\t\t\t<\/div>\n\t\t\t\t<\/div>\n\t\t","protected":false},"excerpt":{"rendered":"<p>17 de Setembro de 2025 Congresso Sesc +Sa\u00fade Local: Centro Cultural Sesc Quitandinha, Petr\u00f3polis, RJ Idioma: Portugu\u00eas O Congresso Sesc +Sa\u00fade \u00e9 um evento que surge ap\u00f3s tr\u00eas semin\u00e1rios sobre os desafios contempor\u00e2neos da sa\u00fade mental, reunindo especialistas de \u00e1reas como Filosofia, Neuroci\u00eancia e Ci\u00eancias da Sa\u00fade. O foco agora est\u00e1 em ampliar discuss\u00f5es sobre [&hellip;]<\/p>\n","protected":false},"author":2,"featured_media":2041,"comment_status":"open","ping_status":"open","sticky":false,"template":"","format":"standard","meta":{"_acf_changed":false,"footnotes":""},"categories":[42],"tags":[],"class_list":["post-2040","post","type-post","status-publish","format-standard","has-post-thumbnail","hentry","category-palestras"],"acf":[],"yoast_head":"<!-- This site is optimized with the Yoast SEO plugin v25.3 - https:\/\/yoast.com\/wordpress\/plugins\/seo\/ -->\n<title>Seguran\u00e7a digital e sa\u00fade mental: prote\u00e7\u00e3o al\u00e9m da tela - ASPAS - Aspectos Sociot\u00e9cnicos em Plataformas de Software<\/title>\n<meta name=\"robots\" content=\"index, follow, max-snippet:-1, max-image-preview:large, max-video-preview:-1\" \/>\n<link rel=\"canonical\" href=\"https:\/\/grupoaspas.com\/?p=2040\" \/>\n<meta property=\"og:locale\" content=\"pt_BR\" \/>\n<meta property=\"og:type\" content=\"article\" \/>\n<meta property=\"og:title\" content=\"Seguran\u00e7a digital e sa\u00fade mental: prote\u00e7\u00e3o al\u00e9m da tela - ASPAS - Aspectos Sociot\u00e9cnicos em Plataformas de Software\" \/>\n<meta property=\"og:description\" content=\"17 de Setembro de 2025 Congresso Sesc +Sa\u00fade Local: Centro Cultural Sesc Quitandinha, Petr\u00f3polis, RJ Idioma: Portugu\u00eas O Congresso Sesc +Sa\u00fade \u00e9 um evento que surge ap\u00f3s tr\u00eas semin\u00e1rios sobre os desafios contempor\u00e2neos da sa\u00fade mental, reunindo especialistas de \u00e1reas como Filosofia, Neuroci\u00eancia e Ci\u00eancias da Sa\u00fade. O foco agora est\u00e1 em ampliar discuss\u00f5es sobre [&hellip;]\" \/>\n<meta property=\"og:url\" content=\"https:\/\/grupoaspas.com\/?p=2040\" \/>\n<meta property=\"og:site_name\" content=\"ASPAS - Aspectos Sociot\u00e9cnicos em Plataformas de Software\" \/>\n<meta property=\"article:published_time\" content=\"2025-09-17T14:15:24+00:00\" \/>\n<meta property=\"article:modified_time\" content=\"2025-10-18T16:35:18+00:00\" \/>\n<meta property=\"og:image\" content=\"https:\/\/grupoaspas.com\/wp-content\/uploads\/2025\/10\/2025-09-23-13.27.22-5.jpg\" \/>\n\t<meta property=\"og:image:width\" content=\"1600\" \/>\n\t<meta property=\"og:image:height\" content=\"1066\" \/>\n\t<meta property=\"og:image:type\" content=\"image\/jpeg\" \/>\n<meta name=\"author\" content=\"Carolina Neves\" \/>\n<meta name=\"twitter:card\" content=\"summary_large_image\" \/>\n<meta name=\"twitter:label1\" content=\"Escrito por\" \/>\n\t<meta name=\"twitter:data1\" content=\"Carolina Neves\" \/>\n\t<meta name=\"twitter:label2\" content=\"Est. tempo de leitura\" \/>\n\t<meta name=\"twitter:data2\" content=\"2 minutos\" \/>\n<script type=\"application\/ld+json\" class=\"yoast-schema-graph\">{\"@context\":\"https:\/\/schema.org\",\"@graph\":[{\"@type\":\"Article\",\"@id\":\"https:\/\/grupoaspas.com\/?p=2040#article\",\"isPartOf\":{\"@id\":\"https:\/\/grupoaspas.com\/?p=2040\"},\"author\":{\"name\":\"Carolina Neves\",\"@id\":\"https:\/\/grupoaspas.com\/#\/schema\/person\/c3affed9f98ac5cf5bd43c0ae2b08326\"},\"headline\":\"Seguran\u00e7a digital e sa\u00fade mental: prote\u00e7\u00e3o al\u00e9m da tela\",\"datePublished\":\"2025-09-17T14:15:24+00:00\",\"dateModified\":\"2025-10-18T16:35:18+00:00\",\"mainEntityOfPage\":{\"@id\":\"https:\/\/grupoaspas.com\/?p=2040\"},\"wordCount\":171,\"commentCount\":0,\"publisher\":{\"@id\":\"https:\/\/grupoaspas.com\/#organization\"},\"image\":{\"@id\":\"https:\/\/grupoaspas.com\/?p=2040#primaryimage\"},\"thumbnailUrl\":\"https:\/\/grupoaspas.com\/wp-content\/uploads\/2025\/10\/2025-09-23-13.27.22-5.jpg\",\"articleSection\":[\"Palestras\"],\"inLanguage\":\"pt-BR\",\"potentialAction\":[{\"@type\":\"CommentAction\",\"name\":\"Comment\",\"target\":[\"https:\/\/grupoaspas.com\/?p=2040#respond\"]}]},{\"@type\":\"WebPage\",\"@id\":\"https:\/\/grupoaspas.com\/?p=2040\",\"url\":\"https:\/\/grupoaspas.com\/?p=2040\",\"name\":\"Seguran\u00e7a digital e sa\u00fade mental: prote\u00e7\u00e3o al\u00e9m da tela - ASPAS - Aspectos Sociot\u00e9cnicos em Plataformas de Software\",\"isPartOf\":{\"@id\":\"https:\/\/grupoaspas.com\/#website\"},\"primaryImageOfPage\":{\"@id\":\"https:\/\/grupoaspas.com\/?p=2040#primaryimage\"},\"image\":{\"@id\":\"https:\/\/grupoaspas.com\/?p=2040#primaryimage\"},\"thumbnailUrl\":\"https:\/\/grupoaspas.com\/wp-content\/uploads\/2025\/10\/2025-09-23-13.27.22-5.jpg\",\"datePublished\":\"2025-09-17T14:15:24+00:00\",\"dateModified\":\"2025-10-18T16:35:18+00:00\",\"breadcrumb\":{\"@id\":\"https:\/\/grupoaspas.com\/?p=2040#breadcrumb\"},\"inLanguage\":\"pt-BR\",\"potentialAction\":[{\"@type\":\"ReadAction\",\"target\":[\"https:\/\/grupoaspas.com\/?p=2040\"]}]},{\"@type\":\"ImageObject\",\"inLanguage\":\"pt-BR\",\"@id\":\"https:\/\/grupoaspas.com\/?p=2040#primaryimage\",\"url\":\"https:\/\/grupoaspas.com\/wp-content\/uploads\/2025\/10\/2025-09-23-13.27.22-5.jpg\",\"contentUrl\":\"https:\/\/grupoaspas.com\/wp-content\/uploads\/2025\/10\/2025-09-23-13.27.22-5.jpg\",\"width\":1600,\"height\":1066},{\"@type\":\"BreadcrumbList\",\"@id\":\"https:\/\/grupoaspas.com\/?p=2040#breadcrumb\",\"itemListElement\":[{\"@type\":\"ListItem\",\"position\":1,\"name\":\"In\u00edcio\",\"item\":\"https:\/\/grupoaspas.com\/\"},{\"@type\":\"ListItem\",\"position\":2,\"name\":\"Seguran\u00e7a digital e sa\u00fade mental: prote\u00e7\u00e3o al\u00e9m da tela\"}]},{\"@type\":\"WebSite\",\"@id\":\"https:\/\/grupoaspas.com\/#website\",\"url\":\"https:\/\/grupoaspas.com\/\",\"name\":\"Grupo ASPAS\",\"description\":\"Site do Grupo de Pesquisa de Aspectos Sociot\u00e9cnicos em Plataformas de Software da UFRPE\",\"publisher\":{\"@id\":\"https:\/\/grupoaspas.com\/#organization\"},\"alternateName\":\"ASPAS - Aspectos Sociot\u00e9cnicos em Plataformas de Software\",\"potentialAction\":[{\"@type\":\"SearchAction\",\"target\":{\"@type\":\"EntryPoint\",\"urlTemplate\":\"https:\/\/grupoaspas.com\/?s={search_term_string}\"},\"query-input\":{\"@type\":\"PropertyValueSpecification\",\"valueRequired\":true,\"valueName\":\"search_term_string\"}}],\"inLanguage\":\"pt-BR\"},{\"@type\":\"Organization\",\"@id\":\"https:\/\/grupoaspas.com\/#organization\",\"name\":\"ASPAS - Aspectos Sociot\u00e9cnicos em Plataformas de Software\",\"url\":\"https:\/\/grupoaspas.com\/\",\"logo\":{\"@type\":\"ImageObject\",\"inLanguage\":\"pt-BR\",\"@id\":\"https:\/\/grupoaspas.com\/#\/schema\/logo\/image\/\",\"url\":\"https:\/\/grupoaspas.com\/wp-content\/uploads\/2025\/03\/cropped-Frame-337.png\",\"contentUrl\":\"https:\/\/grupoaspas.com\/wp-content\/uploads\/2025\/03\/cropped-Frame-337.png\",\"width\":319,\"height\":88,\"caption\":\"ASPAS - Aspectos Sociot\u00e9cnicos em Plataformas de Software\"},\"image\":{\"@id\":\"https:\/\/grupoaspas.com\/#\/schema\/logo\/image\/\"}},{\"@type\":\"Person\",\"@id\":\"https:\/\/grupoaspas.com\/#\/schema\/person\/c3affed9f98ac5cf5bd43c0ae2b08326\",\"name\":\"Carolina Neves\",\"image\":{\"@type\":\"ImageObject\",\"inLanguage\":\"pt-BR\",\"@id\":\"https:\/\/grupoaspas.com\/#\/schema\/person\/image\/\",\"url\":\"https:\/\/secure.gravatar.com\/avatar\/22da7d53b24e43b86a5b34b3bd412106?s=96&d=mm&r=g\",\"contentUrl\":\"https:\/\/secure.gravatar.com\/avatar\/22da7d53b24e43b86a5b34b3bd412106?s=96&d=mm&r=g\",\"caption\":\"Carolina Neves\"},\"url\":\"https:\/\/grupoaspas.com\/?author=2\"}]}<\/script>\n<!-- \/ Yoast SEO plugin. -->","yoast_head_json":{"title":"Seguran\u00e7a digital e sa\u00fade mental: prote\u00e7\u00e3o al\u00e9m da tela - ASPAS - Aspectos Sociot\u00e9cnicos em Plataformas de Software","robots":{"index":"index","follow":"follow","max-snippet":"max-snippet:-1","max-image-preview":"max-image-preview:large","max-video-preview":"max-video-preview:-1"},"canonical":"https:\/\/grupoaspas.com\/?p=2040","og_locale":"pt_BR","og_type":"article","og_title":"Seguran\u00e7a digital e sa\u00fade mental: prote\u00e7\u00e3o al\u00e9m da tela - ASPAS - Aspectos Sociot\u00e9cnicos em Plataformas de Software","og_description":"17 de Setembro de 2025 Congresso Sesc +Sa\u00fade Local: Centro Cultural Sesc Quitandinha, Petr\u00f3polis, RJ Idioma: Portugu\u00eas O Congresso Sesc +Sa\u00fade \u00e9 um evento que surge ap\u00f3s tr\u00eas semin\u00e1rios sobre os desafios contempor\u00e2neos da sa\u00fade mental, reunindo especialistas de \u00e1reas como Filosofia, Neuroci\u00eancia e Ci\u00eancias da Sa\u00fade. O foco agora est\u00e1 em ampliar discuss\u00f5es sobre [&hellip;]","og_url":"https:\/\/grupoaspas.com\/?p=2040","og_site_name":"ASPAS - Aspectos Sociot\u00e9cnicos em Plataformas de Software","article_published_time":"2025-09-17T14:15:24+00:00","article_modified_time":"2025-10-18T16:35:18+00:00","og_image":[{"width":1600,"height":1066,"url":"https:\/\/grupoaspas.com\/wp-content\/uploads\/2025\/10\/2025-09-23-13.27.22-5.jpg","type":"image\/jpeg"}],"author":"Carolina Neves","twitter_card":"summary_large_image","twitter_misc":{"Escrito por":"Carolina Neves","Est. tempo de leitura":"2 minutos"},"schema":{"@context":"https:\/\/schema.org","@graph":[{"@type":"Article","@id":"https:\/\/grupoaspas.com\/?p=2040#article","isPartOf":{"@id":"https:\/\/grupoaspas.com\/?p=2040"},"author":{"name":"Carolina Neves","@id":"https:\/\/grupoaspas.com\/#\/schema\/person\/c3affed9f98ac5cf5bd43c0ae2b08326"},"headline":"Seguran\u00e7a digital e sa\u00fade mental: prote\u00e7\u00e3o al\u00e9m da tela","datePublished":"2025-09-17T14:15:24+00:00","dateModified":"2025-10-18T16:35:18+00:00","mainEntityOfPage":{"@id":"https:\/\/grupoaspas.com\/?p=2040"},"wordCount":171,"commentCount":0,"publisher":{"@id":"https:\/\/grupoaspas.com\/#organization"},"image":{"@id":"https:\/\/grupoaspas.com\/?p=2040#primaryimage"},"thumbnailUrl":"https:\/\/grupoaspas.com\/wp-content\/uploads\/2025\/10\/2025-09-23-13.27.22-5.jpg","articleSection":["Palestras"],"inLanguage":"pt-BR","potentialAction":[{"@type":"CommentAction","name":"Comment","target":["https:\/\/grupoaspas.com\/?p=2040#respond"]}]},{"@type":"WebPage","@id":"https:\/\/grupoaspas.com\/?p=2040","url":"https:\/\/grupoaspas.com\/?p=2040","name":"Seguran\u00e7a digital e sa\u00fade mental: prote\u00e7\u00e3o al\u00e9m da tela - ASPAS - Aspectos Sociot\u00e9cnicos em Plataformas de Software","isPartOf":{"@id":"https:\/\/grupoaspas.com\/#website"},"primaryImageOfPage":{"@id":"https:\/\/grupoaspas.com\/?p=2040#primaryimage"},"image":{"@id":"https:\/\/grupoaspas.com\/?p=2040#primaryimage"},"thumbnailUrl":"https:\/\/grupoaspas.com\/wp-content\/uploads\/2025\/10\/2025-09-23-13.27.22-5.jpg","datePublished":"2025-09-17T14:15:24+00:00","dateModified":"2025-10-18T16:35:18+00:00","breadcrumb":{"@id":"https:\/\/grupoaspas.com\/?p=2040#breadcrumb"},"inLanguage":"pt-BR","potentialAction":[{"@type":"ReadAction","target":["https:\/\/grupoaspas.com\/?p=2040"]}]},{"@type":"ImageObject","inLanguage":"pt-BR","@id":"https:\/\/grupoaspas.com\/?p=2040#primaryimage","url":"https:\/\/grupoaspas.com\/wp-content\/uploads\/2025\/10\/2025-09-23-13.27.22-5.jpg","contentUrl":"https:\/\/grupoaspas.com\/wp-content\/uploads\/2025\/10\/2025-09-23-13.27.22-5.jpg","width":1600,"height":1066},{"@type":"BreadcrumbList","@id":"https:\/\/grupoaspas.com\/?p=2040#breadcrumb","itemListElement":[{"@type":"ListItem","position":1,"name":"In\u00edcio","item":"https:\/\/grupoaspas.com\/"},{"@type":"ListItem","position":2,"name":"Seguran\u00e7a digital e sa\u00fade mental: prote\u00e7\u00e3o al\u00e9m da tela"}]},{"@type":"WebSite","@id":"https:\/\/grupoaspas.com\/#website","url":"https:\/\/grupoaspas.com\/","name":"Grupo ASPAS","description":"Site do Grupo de Pesquisa de Aspectos Sociot\u00e9cnicos em Plataformas de Software da UFRPE","publisher":{"@id":"https:\/\/grupoaspas.com\/#organization"},"alternateName":"ASPAS - Aspectos Sociot\u00e9cnicos em Plataformas de Software","potentialAction":[{"@type":"SearchAction","target":{"@type":"EntryPoint","urlTemplate":"https:\/\/grupoaspas.com\/?s={search_term_string}"},"query-input":{"@type":"PropertyValueSpecification","valueRequired":true,"valueName":"search_term_string"}}],"inLanguage":"pt-BR"},{"@type":"Organization","@id":"https:\/\/grupoaspas.com\/#organization","name":"ASPAS - Aspectos Sociot\u00e9cnicos em Plataformas de Software","url":"https:\/\/grupoaspas.com\/","logo":{"@type":"ImageObject","inLanguage":"pt-BR","@id":"https:\/\/grupoaspas.com\/#\/schema\/logo\/image\/","url":"https:\/\/grupoaspas.com\/wp-content\/uploads\/2025\/03\/cropped-Frame-337.png","contentUrl":"https:\/\/grupoaspas.com\/wp-content\/uploads\/2025\/03\/cropped-Frame-337.png","width":319,"height":88,"caption":"ASPAS - Aspectos Sociot\u00e9cnicos em Plataformas de Software"},"image":{"@id":"https:\/\/grupoaspas.com\/#\/schema\/logo\/image\/"}},{"@type":"Person","@id":"https:\/\/grupoaspas.com\/#\/schema\/person\/c3affed9f98ac5cf5bd43c0ae2b08326","name":"Carolina Neves","image":{"@type":"ImageObject","inLanguage":"pt-BR","@id":"https:\/\/grupoaspas.com\/#\/schema\/person\/image\/","url":"https:\/\/secure.gravatar.com\/avatar\/22da7d53b24e43b86a5b34b3bd412106?s=96&d=mm&r=g","contentUrl":"https:\/\/secure.gravatar.com\/avatar\/22da7d53b24e43b86a5b34b3bd412106?s=96&d=mm&r=g","caption":"Carolina Neves"},"url":"https:\/\/grupoaspas.com\/?author=2"}]}},"_links":{"self":[{"href":"https:\/\/grupoaspas.com\/index.php?rest_route=\/wp\/v2\/posts\/2040","targetHints":{"allow":["GET"]}}],"collection":[{"href":"https:\/\/grupoaspas.com\/index.php?rest_route=\/wp\/v2\/posts"}],"about":[{"href":"https:\/\/grupoaspas.com\/index.php?rest_route=\/wp\/v2\/types\/post"}],"author":[{"embeddable":true,"href":"https:\/\/grupoaspas.com\/index.php?rest_route=\/wp\/v2\/users\/2"}],"replies":[{"embeddable":true,"href":"https:\/\/grupoaspas.com\/index.php?rest_route=%2Fwp%2Fv2%2Fcomments&post=2040"}],"version-history":[{"count":10,"href":"https:\/\/grupoaspas.com\/index.php?rest_route=\/wp\/v2\/posts\/2040\/revisions"}],"predecessor-version":[{"id":2064,"href":"https:\/\/grupoaspas.com\/index.php?rest_route=\/wp\/v2\/posts\/2040\/revisions\/2064"}],"wp:featuredmedia":[{"embeddable":true,"href":"https:\/\/grupoaspas.com\/index.php?rest_route=\/wp\/v2\/media\/2041"}],"wp:attachment":[{"href":"https:\/\/grupoaspas.com\/index.php?rest_route=%2Fwp%2Fv2%2Fmedia&parent=2040"}],"wp:term":[{"taxonomy":"category","embeddable":true,"href":"https:\/\/grupoaspas.com\/index.php?rest_route=%2Fwp%2Fv2%2Fcategories&post=2040"},{"taxonomy":"post_tag","embeddable":true,"href":"https:\/\/grupoaspas.com\/index.php?rest_route=%2Fwp%2Fv2%2Ftags&post=2040"}],"curies":[{"name":"wp","href":"https:\/\/api.w.org\/{rel}","templated":true}]}}