{"id":1800,"date":"2022-06-29T11:49:11","date_gmt":"2022-06-29T14:49:11","guid":{"rendered":"https:\/\/grupoaspas.com\/?p=1800"},"modified":"2025-07-25T12:10:32","modified_gmt":"2025-07-25T15:10:32","slug":"por-tecnologias-diversas-e-inclusivas-uma-reflexao-sobre-vieses-e-discriminacao-algoritmica","status":"publish","type":"post","link":"https:\/\/grupoaspas.com\/?p=1800","title":{"rendered":"Por Tecnologias Diversas e Inclusivas \u2014 Uma Reflex\u00e3o sobre Vieses e Discrimina\u00e7\u00e3o Algor\u00edtmica"},"content":{"rendered":"\t\t<div data-elementor-type=\"wp-post\" data-elementor-id=\"1800\" class=\"elementor elementor-1800\" data-elementor-post-type=\"post\">\n\t\t\t\t<div class=\"elementor-element elementor-element-f9fa395 e-flex e-con-boxed e-con e-parent\" data-id=\"f9fa395\" data-element_type=\"container\" data-e-type=\"container\">\n\t\t\t\t\t<div class=\"e-con-inner\">\n\t\t\t\t<div class=\"elementor-element elementor-element-e430dc9 elementor-widget elementor-widget-text-editor\" data-id=\"e430dc9\" data-element_type=\"widget\" data-e-type=\"widget\" data-widget_type=\"text-editor.default\">\n\t\t\t\t<div class=\"elementor-widget-container\">\n\t\t\t\t\t\t\t\t\t<p><span style=\"color: #000000;\">29 de Junho de 2022<\/span><\/p><p><a href=\"https:\/\/www.even3.com.br\/secomp2022-245069\/\"><strong>Semana da Computa\u00e7\u00e3o (SECOMP 2022)<\/strong><\/a><\/p><p><span style=\"color: #000000;\">Universidade Federal Rural de Pernambuco (UFRPE), Recife, Brasil<\/span><\/p><p><span style=\"color: #000000;\">Idioma: Portugu\u00eas<\/span><\/p><p><span style=\"color: #000000;\">A Semana da Computa\u00e7\u00e3o (SECOMP) \u00e9 um evento promovido pelo Departamento de Computa\u00e7\u00e3o (DC) da Universidade Federal Rural de Pernambuco (UFRPE) em sua Sede, no bairro de Dois Irm\u00e3os, com o objetivo de levar conhecimento te\u00f3rico e pr\u00e1tico sobre as diversas \u00e1reas da computa\u00e7\u00e3o. A SECOMP ocorrer\u00e1 nos dias 28, 29 e 30 de junho de 2022 e trar\u00e1 em sua programa\u00e7\u00e3o palestras, minicursos e workshops com profissionais especializados. Al\u00e9m d@s alun@s dos cursos de computa\u00e7\u00e3o da UFRPE, o evento \u00e9 aberto \u00e0 comunidade, permitindo a participa\u00e7\u00e3o de todos que tiverem interesse no assunto.<\/span><\/p>\t\t\t\t\t\t\t\t<\/div>\n\t\t\t\t<\/div>\n\t\t\t\t\t<\/div>\n\t\t\t\t<\/div>\n\t\t\t\t<\/div>\n\t\t","protected":false},"excerpt":{"rendered":"<p>29 de Junho de 2022 Semana da Computa\u00e7\u00e3o (SECOMP 2022) Universidade Federal Rural de Pernambuco (UFRPE), Recife, Brasil Idioma: Portugu\u00eas A Semana da Computa\u00e7\u00e3o (SECOMP) \u00e9 um evento promovido pelo Departamento de Computa\u00e7\u00e3o (DC) da Universidade Federal Rural de Pernambuco (UFRPE) em sua Sede, no bairro de Dois Irm\u00e3os, com o objetivo de levar conhecimento [&hellip;]<\/p>\n","protected":false},"author":2,"featured_media":0,"comment_status":"open","ping_status":"open","sticky":false,"template":"","format":"standard","meta":{"_acf_changed":false,"footnotes":""},"categories":[42],"tags":[],"class_list":["post-1800","post","type-post","status-publish","format-standard","hentry","category-palestras"],"acf":[],"yoast_head":"<!-- This site is optimized with the Yoast SEO plugin v25.3 - https:\/\/yoast.com\/wordpress\/plugins\/seo\/ -->\n<title>Por Tecnologias Diversas e Inclusivas \u2014 Uma Reflex\u00e3o sobre Vieses e Discrimina\u00e7\u00e3o Algor\u00edtmica - ASPAS - Aspectos Sociot\u00e9cnicos em Plataformas de Software<\/title>\n<meta name=\"robots\" content=\"index, follow, max-snippet:-1, max-image-preview:large, max-video-preview:-1\" \/>\n<link rel=\"canonical\" href=\"https:\/\/grupoaspas.com\/?p=1800\" \/>\n<meta property=\"og:locale\" content=\"pt_BR\" \/>\n<meta property=\"og:type\" content=\"article\" \/>\n<meta property=\"og:title\" content=\"Por Tecnologias Diversas e Inclusivas \u2014 Uma Reflex\u00e3o sobre Vieses e Discrimina\u00e7\u00e3o Algor\u00edtmica - ASPAS - Aspectos Sociot\u00e9cnicos em Plataformas de Software\" \/>\n<meta property=\"og:description\" content=\"29 de Junho de 2022 Semana da Computa\u00e7\u00e3o (SECOMP 2022) Universidade Federal Rural de Pernambuco (UFRPE), Recife, Brasil Idioma: Portugu\u00eas A Semana da Computa\u00e7\u00e3o (SECOMP) \u00e9 um evento promovido pelo Departamento de Computa\u00e7\u00e3o (DC) da Universidade Federal Rural de Pernambuco (UFRPE) em sua Sede, no bairro de Dois Irm\u00e3os, com o objetivo de levar conhecimento [&hellip;]\" \/>\n<meta property=\"og:url\" content=\"https:\/\/grupoaspas.com\/?p=1800\" \/>\n<meta property=\"og:site_name\" content=\"ASPAS - Aspectos Sociot\u00e9cnicos em Plataformas de Software\" \/>\n<meta property=\"article:published_time\" content=\"2022-06-29T14:49:11+00:00\" \/>\n<meta property=\"article:modified_time\" content=\"2025-07-25T15:10:32+00:00\" \/>\n<meta name=\"author\" content=\"Carolina Neves\" \/>\n<meta name=\"twitter:card\" content=\"summary_large_image\" \/>\n<meta name=\"twitter:label1\" content=\"Escrito por\" \/>\n\t<meta name=\"twitter:data1\" content=\"Carolina Neves\" \/>\n\t<meta name=\"twitter:label2\" content=\"Est. tempo de leitura\" \/>\n\t<meta name=\"twitter:data2\" content=\"1 minuto\" \/>\n<script type=\"application\/ld+json\" class=\"yoast-schema-graph\">{\"@context\":\"https:\/\/schema.org\",\"@graph\":[{\"@type\":\"Article\",\"@id\":\"https:\/\/grupoaspas.com\/?p=1800#article\",\"isPartOf\":{\"@id\":\"https:\/\/grupoaspas.com\/?p=1800\"},\"author\":{\"name\":\"Carolina Neves\",\"@id\":\"https:\/\/grupoaspas.com\/#\/schema\/person\/c3affed9f98ac5cf5bd43c0ae2b08326\"},\"headline\":\"Por Tecnologias Diversas e Inclusivas \u2014 Uma Reflex\u00e3o sobre Vieses e Discrimina\u00e7\u00e3o Algor\u00edtmica\",\"datePublished\":\"2022-06-29T14:49:11+00:00\",\"dateModified\":\"2025-07-25T15:10:32+00:00\",\"mainEntityOfPage\":{\"@id\":\"https:\/\/grupoaspas.com\/?p=1800\"},\"wordCount\":133,\"commentCount\":0,\"publisher\":{\"@id\":\"https:\/\/grupoaspas.com\/#organization\"},\"articleSection\":[\"Palestras\"],\"inLanguage\":\"pt-BR\",\"potentialAction\":[{\"@type\":\"CommentAction\",\"name\":\"Comment\",\"target\":[\"https:\/\/grupoaspas.com\/?p=1800#respond\"]}]},{\"@type\":\"WebPage\",\"@id\":\"https:\/\/grupoaspas.com\/?p=1800\",\"url\":\"https:\/\/grupoaspas.com\/?p=1800\",\"name\":\"Por Tecnologias Diversas e Inclusivas \u2014 Uma Reflex\u00e3o sobre Vieses e Discrimina\u00e7\u00e3o Algor\u00edtmica - ASPAS - Aspectos Sociot\u00e9cnicos em Plataformas de Software\",\"isPartOf\":{\"@id\":\"https:\/\/grupoaspas.com\/#website\"},\"datePublished\":\"2022-06-29T14:49:11+00:00\",\"dateModified\":\"2025-07-25T15:10:32+00:00\",\"breadcrumb\":{\"@id\":\"https:\/\/grupoaspas.com\/?p=1800#breadcrumb\"},\"inLanguage\":\"pt-BR\",\"potentialAction\":[{\"@type\":\"ReadAction\",\"target\":[\"https:\/\/grupoaspas.com\/?p=1800\"]}]},{\"@type\":\"BreadcrumbList\",\"@id\":\"https:\/\/grupoaspas.com\/?p=1800#breadcrumb\",\"itemListElement\":[{\"@type\":\"ListItem\",\"position\":1,\"name\":\"In\u00edcio\",\"item\":\"https:\/\/grupoaspas.com\/\"},{\"@type\":\"ListItem\",\"position\":2,\"name\":\"Por Tecnologias Diversas e Inclusivas \u2014 Uma Reflex\u00e3o sobre Vieses e Discrimina\u00e7\u00e3o Algor\u00edtmica\"}]},{\"@type\":\"WebSite\",\"@id\":\"https:\/\/grupoaspas.com\/#website\",\"url\":\"https:\/\/grupoaspas.com\/\",\"name\":\"Grupo ASPAS\",\"description\":\"Site do Grupo de Pesquisa de Aspectos Sociot\u00e9cnicos em Plataformas de Software da UFRPE\",\"publisher\":{\"@id\":\"https:\/\/grupoaspas.com\/#organization\"},\"alternateName\":\"ASPAS - Aspectos Sociot\u00e9cnicos em Plataformas de Software\",\"potentialAction\":[{\"@type\":\"SearchAction\",\"target\":{\"@type\":\"EntryPoint\",\"urlTemplate\":\"https:\/\/grupoaspas.com\/?s={search_term_string}\"},\"query-input\":{\"@type\":\"PropertyValueSpecification\",\"valueRequired\":true,\"valueName\":\"search_term_string\"}}],\"inLanguage\":\"pt-BR\"},{\"@type\":\"Organization\",\"@id\":\"https:\/\/grupoaspas.com\/#organization\",\"name\":\"ASPAS - Aspectos Sociot\u00e9cnicos em Plataformas de Software\",\"url\":\"https:\/\/grupoaspas.com\/\",\"logo\":{\"@type\":\"ImageObject\",\"inLanguage\":\"pt-BR\",\"@id\":\"https:\/\/grupoaspas.com\/#\/schema\/logo\/image\/\",\"url\":\"https:\/\/grupoaspas.com\/wp-content\/uploads\/2025\/03\/cropped-Frame-337.png\",\"contentUrl\":\"https:\/\/grupoaspas.com\/wp-content\/uploads\/2025\/03\/cropped-Frame-337.png\",\"width\":319,\"height\":88,\"caption\":\"ASPAS - Aspectos Sociot\u00e9cnicos em Plataformas de Software\"},\"image\":{\"@id\":\"https:\/\/grupoaspas.com\/#\/schema\/logo\/image\/\"}},{\"@type\":\"Person\",\"@id\":\"https:\/\/grupoaspas.com\/#\/schema\/person\/c3affed9f98ac5cf5bd43c0ae2b08326\",\"name\":\"Carolina Neves\",\"image\":{\"@type\":\"ImageObject\",\"inLanguage\":\"pt-BR\",\"@id\":\"https:\/\/grupoaspas.com\/#\/schema\/person\/image\/\",\"url\":\"https:\/\/secure.gravatar.com\/avatar\/22da7d53b24e43b86a5b34b3bd412106?s=96&d=mm&r=g\",\"contentUrl\":\"https:\/\/secure.gravatar.com\/avatar\/22da7d53b24e43b86a5b34b3bd412106?s=96&d=mm&r=g\",\"caption\":\"Carolina Neves\"},\"url\":\"https:\/\/grupoaspas.com\/?author=2\"}]}<\/script>\n<!-- \/ Yoast SEO plugin. -->","yoast_head_json":{"title":"Por Tecnologias Diversas e Inclusivas \u2014 Uma Reflex\u00e3o sobre Vieses e Discrimina\u00e7\u00e3o Algor\u00edtmica - ASPAS - Aspectos Sociot\u00e9cnicos em Plataformas de Software","robots":{"index":"index","follow":"follow","max-snippet":"max-snippet:-1","max-image-preview":"max-image-preview:large","max-video-preview":"max-video-preview:-1"},"canonical":"https:\/\/grupoaspas.com\/?p=1800","og_locale":"pt_BR","og_type":"article","og_title":"Por Tecnologias Diversas e Inclusivas \u2014 Uma Reflex\u00e3o sobre Vieses e Discrimina\u00e7\u00e3o Algor\u00edtmica - ASPAS - Aspectos Sociot\u00e9cnicos em Plataformas de Software","og_description":"29 de Junho de 2022 Semana da Computa\u00e7\u00e3o (SECOMP 2022) Universidade Federal Rural de Pernambuco (UFRPE), Recife, Brasil Idioma: Portugu\u00eas A Semana da Computa\u00e7\u00e3o (SECOMP) \u00e9 um evento promovido pelo Departamento de Computa\u00e7\u00e3o (DC) da Universidade Federal Rural de Pernambuco (UFRPE) em sua Sede, no bairro de Dois Irm\u00e3os, com o objetivo de levar conhecimento [&hellip;]","og_url":"https:\/\/grupoaspas.com\/?p=1800","og_site_name":"ASPAS - Aspectos Sociot\u00e9cnicos em Plataformas de Software","article_published_time":"2022-06-29T14:49:11+00:00","article_modified_time":"2025-07-25T15:10:32+00:00","author":"Carolina Neves","twitter_card":"summary_large_image","twitter_misc":{"Escrito por":"Carolina Neves","Est. tempo de leitura":"1 minuto"},"schema":{"@context":"https:\/\/schema.org","@graph":[{"@type":"Article","@id":"https:\/\/grupoaspas.com\/?p=1800#article","isPartOf":{"@id":"https:\/\/grupoaspas.com\/?p=1800"},"author":{"name":"Carolina Neves","@id":"https:\/\/grupoaspas.com\/#\/schema\/person\/c3affed9f98ac5cf5bd43c0ae2b08326"},"headline":"Por Tecnologias Diversas e Inclusivas \u2014 Uma Reflex\u00e3o sobre Vieses e Discrimina\u00e7\u00e3o Algor\u00edtmica","datePublished":"2022-06-29T14:49:11+00:00","dateModified":"2025-07-25T15:10:32+00:00","mainEntityOfPage":{"@id":"https:\/\/grupoaspas.com\/?p=1800"},"wordCount":133,"commentCount":0,"publisher":{"@id":"https:\/\/grupoaspas.com\/#organization"},"articleSection":["Palestras"],"inLanguage":"pt-BR","potentialAction":[{"@type":"CommentAction","name":"Comment","target":["https:\/\/grupoaspas.com\/?p=1800#respond"]}]},{"@type":"WebPage","@id":"https:\/\/grupoaspas.com\/?p=1800","url":"https:\/\/grupoaspas.com\/?p=1800","name":"Por Tecnologias Diversas e Inclusivas \u2014 Uma Reflex\u00e3o sobre Vieses e Discrimina\u00e7\u00e3o Algor\u00edtmica - ASPAS - Aspectos Sociot\u00e9cnicos em Plataformas de Software","isPartOf":{"@id":"https:\/\/grupoaspas.com\/#website"},"datePublished":"2022-06-29T14:49:11+00:00","dateModified":"2025-07-25T15:10:32+00:00","breadcrumb":{"@id":"https:\/\/grupoaspas.com\/?p=1800#breadcrumb"},"inLanguage":"pt-BR","potentialAction":[{"@type":"ReadAction","target":["https:\/\/grupoaspas.com\/?p=1800"]}]},{"@type":"BreadcrumbList","@id":"https:\/\/grupoaspas.com\/?p=1800#breadcrumb","itemListElement":[{"@type":"ListItem","position":1,"name":"In\u00edcio","item":"https:\/\/grupoaspas.com\/"},{"@type":"ListItem","position":2,"name":"Por Tecnologias Diversas e Inclusivas \u2014 Uma Reflex\u00e3o sobre Vieses e Discrimina\u00e7\u00e3o Algor\u00edtmica"}]},{"@type":"WebSite","@id":"https:\/\/grupoaspas.com\/#website","url":"https:\/\/grupoaspas.com\/","name":"Grupo ASPAS","description":"Site do Grupo de Pesquisa de Aspectos Sociot\u00e9cnicos em Plataformas de Software da UFRPE","publisher":{"@id":"https:\/\/grupoaspas.com\/#organization"},"alternateName":"ASPAS - Aspectos Sociot\u00e9cnicos em Plataformas de Software","potentialAction":[{"@type":"SearchAction","target":{"@type":"EntryPoint","urlTemplate":"https:\/\/grupoaspas.com\/?s={search_term_string}"},"query-input":{"@type":"PropertyValueSpecification","valueRequired":true,"valueName":"search_term_string"}}],"inLanguage":"pt-BR"},{"@type":"Organization","@id":"https:\/\/grupoaspas.com\/#organization","name":"ASPAS - Aspectos Sociot\u00e9cnicos em Plataformas de Software","url":"https:\/\/grupoaspas.com\/","logo":{"@type":"ImageObject","inLanguage":"pt-BR","@id":"https:\/\/grupoaspas.com\/#\/schema\/logo\/image\/","url":"https:\/\/grupoaspas.com\/wp-content\/uploads\/2025\/03\/cropped-Frame-337.png","contentUrl":"https:\/\/grupoaspas.com\/wp-content\/uploads\/2025\/03\/cropped-Frame-337.png","width":319,"height":88,"caption":"ASPAS - Aspectos Sociot\u00e9cnicos em Plataformas de Software"},"image":{"@id":"https:\/\/grupoaspas.com\/#\/schema\/logo\/image\/"}},{"@type":"Person","@id":"https:\/\/grupoaspas.com\/#\/schema\/person\/c3affed9f98ac5cf5bd43c0ae2b08326","name":"Carolina Neves","image":{"@type":"ImageObject","inLanguage":"pt-BR","@id":"https:\/\/grupoaspas.com\/#\/schema\/person\/image\/","url":"https:\/\/secure.gravatar.com\/avatar\/22da7d53b24e43b86a5b34b3bd412106?s=96&d=mm&r=g","contentUrl":"https:\/\/secure.gravatar.com\/avatar\/22da7d53b24e43b86a5b34b3bd412106?s=96&d=mm&r=g","caption":"Carolina Neves"},"url":"https:\/\/grupoaspas.com\/?author=2"}]}},"_links":{"self":[{"href":"https:\/\/grupoaspas.com\/index.php?rest_route=\/wp\/v2\/posts\/1800","targetHints":{"allow":["GET"]}}],"collection":[{"href":"https:\/\/grupoaspas.com\/index.php?rest_route=\/wp\/v2\/posts"}],"about":[{"href":"https:\/\/grupoaspas.com\/index.php?rest_route=\/wp\/v2\/types\/post"}],"author":[{"embeddable":true,"href":"https:\/\/grupoaspas.com\/index.php?rest_route=\/wp\/v2\/users\/2"}],"replies":[{"embeddable":true,"href":"https:\/\/grupoaspas.com\/index.php?rest_route=%2Fwp%2Fv2%2Fcomments&post=1800"}],"version-history":[{"count":4,"href":"https:\/\/grupoaspas.com\/index.php?rest_route=\/wp\/v2\/posts\/1800\/revisions"}],"predecessor-version":[{"id":1805,"href":"https:\/\/grupoaspas.com\/index.php?rest_route=\/wp\/v2\/posts\/1800\/revisions\/1805"}],"wp:attachment":[{"href":"https:\/\/grupoaspas.com\/index.php?rest_route=%2Fwp%2Fv2%2Fmedia&parent=1800"}],"wp:term":[{"taxonomy":"category","embeddable":true,"href":"https:\/\/grupoaspas.com\/index.php?rest_route=%2Fwp%2Fv2%2Fcategories&post=1800"},{"taxonomy":"post_tag","embeddable":true,"href":"https:\/\/grupoaspas.com\/index.php?rest_route=%2Fwp%2Fv2%2Ftags&post=1800"}],"curies":[{"name":"wp","href":"https:\/\/api.w.org\/{rel}","templated":true}]}}