{"id":1761,"date":"2022-08-25T12:22:47","date_gmt":"2022-08-25T15:22:47","guid":{"rendered":"https:\/\/grupoaspas.com\/?p=1761"},"modified":"2025-07-21T12:27:31","modified_gmt":"2025-07-21T15:27:31","slug":"metaverso-reconhecimento-facial-quais-sao-as-tendencias-em-ti-e-como-elas-podem-ser-discriminatorias-pucrs","status":"publish","type":"post","link":"https:\/\/grupoaspas.com\/?p=1761","title":{"rendered":"Metaverso, Reconhecimento Facial&#8230; Quais S\u00e3o as Tend\u00eancias em TI e Como Elas Podem Ser Discriminat\u00f3rias? (PUCRS)"},"content":{"rendered":"\t\t<div data-elementor-type=\"wp-post\" data-elementor-id=\"1761\" class=\"elementor elementor-1761\" data-elementor-post-type=\"post\">\n\t\t\t\t<div class=\"elementor-element elementor-element-ea3ca76 e-flex e-con-boxed e-con e-parent\" data-id=\"ea3ca76\" data-element_type=\"container\" data-e-type=\"container\">\n\t\t\t\t\t<div class=\"e-con-inner\">\n\t\t\t\t<div class=\"elementor-element elementor-element-2627a48 elementor-widget elementor-widget-text-editor\" data-id=\"2627a48\" data-element_type=\"widget\" data-e-type=\"widget\" data-widget_type=\"text-editor.default\">\n\t\t\t\t<div class=\"elementor-widget-container\">\n\t\t\t\t\t\t\t\t\t<p><span style=\"color: #000000;\">25 de Agosto de 2022<\/span><\/p><p><a href=\"https:\/\/anafe.org.br\/anafe-apoia-e-convida-para-o-evento-tecnologia-e-discriminacao\/\"><strong>Congresso Internacional Tecnologia e Discrimina\u00e7\u00e3o<\/strong><\/a><\/p><p><span style=\"color: #000000;\">Escola de Direito da PUC-RS<\/span><\/p>\t\t\t\t\t\t\t\t<\/div>\n\t\t\t\t<\/div>\n\t\t\t\t\t<\/div>\n\t\t\t\t<\/div>\n\t\t<div class=\"elementor-element elementor-element-16dfee5 e-flex e-con-boxed e-con e-parent\" data-id=\"16dfee5\" data-element_type=\"container\" data-e-type=\"container\">\n\t\t\t\t\t<div class=\"e-con-inner\">\n\t\t\t\t<div class=\"elementor-element elementor-element-8bec202 elementor-widget elementor-widget-image\" data-id=\"8bec202\" data-element_type=\"widget\" data-e-type=\"widget\" data-widget_type=\"image.default\">\n\t\t\t\t<div class=\"elementor-widget-container\">\n\t\t\t\t\t\t\t\t\t\t\t\t\t\t\t<img fetchpriority=\"high\" decoding=\"async\" width=\"768\" height=\"768\" src=\"https:\/\/grupoaspas.com\/wp-content\/uploads\/2025\/07\/congresso-2-768x768.jpg\" class=\"attachment-medium_large size-medium_large wp-image-1762\" alt=\"\" srcset=\"https:\/\/grupoaspas.com\/wp-content\/uploads\/2025\/07\/congresso-2-768x768.jpg 768w, https:\/\/grupoaspas.com\/wp-content\/uploads\/2025\/07\/congresso-2-300x300.jpg 300w, https:\/\/grupoaspas.com\/wp-content\/uploads\/2025\/07\/congresso-2-1024x1024.jpg 1024w, https:\/\/grupoaspas.com\/wp-content\/uploads\/2025\/07\/congresso-2-150x150.jpg 150w, https:\/\/grupoaspas.com\/wp-content\/uploads\/2025\/07\/congresso-2.jpg 1440w\" sizes=\"(max-width: 768px) 100vw, 768px\" \/>\t\t\t\t\t\t\t\t\t\t\t\t\t\t\t<\/div>\n\t\t\t\t<\/div>\n\t\t\t\t\t<\/div>\n\t\t\t\t<\/div>\n\t\t\t\t<\/div>\n\t\t","protected":false},"excerpt":{"rendered":"<p>25 de Agosto de 2022 Congresso Internacional Tecnologia e Discrimina\u00e7\u00e3o Escola de Direito da PUC-RS<\/p>\n","protected":false},"author":2,"featured_media":1762,"comment_status":"open","ping_status":"open","sticky":false,"template":"","format":"standard","meta":{"_acf_changed":false,"footnotes":""},"categories":[42],"tags":[],"class_list":["post-1761","post","type-post","status-publish","format-standard","has-post-thumbnail","hentry","category-palestras"],"acf":[],"yoast_head":"<!-- This site is optimized with the Yoast SEO plugin v25.3 - https:\/\/yoast.com\/wordpress\/plugins\/seo\/ -->\n<title>Metaverso, Reconhecimento Facial... Quais S\u00e3o as Tend\u00eancias em TI e Como Elas Podem Ser Discriminat\u00f3rias? (PUCRS) - ASPAS - Aspectos Sociot\u00e9cnicos em Plataformas de Software<\/title>\n<meta name=\"robots\" content=\"index, follow, max-snippet:-1, max-image-preview:large, max-video-preview:-1\" \/>\n<link rel=\"canonical\" href=\"https:\/\/grupoaspas.com\/?p=1761\" \/>\n<meta property=\"og:locale\" content=\"pt_BR\" \/>\n<meta property=\"og:type\" content=\"article\" \/>\n<meta property=\"og:title\" content=\"Metaverso, Reconhecimento Facial... Quais S\u00e3o as Tend\u00eancias em TI e Como Elas Podem Ser Discriminat\u00f3rias? (PUCRS) - ASPAS - Aspectos Sociot\u00e9cnicos em Plataformas de Software\" \/>\n<meta property=\"og:description\" content=\"25 de Agosto de 2022 Congresso Internacional Tecnologia e Discrimina\u00e7\u00e3o Escola de Direito da PUC-RS\" \/>\n<meta property=\"og:url\" content=\"https:\/\/grupoaspas.com\/?p=1761\" \/>\n<meta property=\"og:site_name\" content=\"ASPAS - Aspectos Sociot\u00e9cnicos em Plataformas de Software\" \/>\n<meta property=\"article:published_time\" content=\"2022-08-25T15:22:47+00:00\" \/>\n<meta property=\"article:modified_time\" content=\"2025-07-21T15:27:31+00:00\" \/>\n<meta property=\"og:image\" content=\"https:\/\/grupoaspas.com\/wp-content\/uploads\/2025\/07\/congresso-2.jpg\" \/>\n\t<meta property=\"og:image:width\" content=\"1440\" \/>\n\t<meta property=\"og:image:height\" content=\"1440\" \/>\n\t<meta property=\"og:image:type\" content=\"image\/jpeg\" \/>\n<meta name=\"author\" content=\"Carolina Neves\" \/>\n<meta name=\"twitter:card\" content=\"summary_large_image\" \/>\n<meta name=\"twitter:label1\" content=\"Escrito por\" \/>\n\t<meta name=\"twitter:data1\" content=\"Carolina Neves\" \/>\n\t<meta name=\"twitter:label2\" content=\"Est. tempo de leitura\" \/>\n\t<meta name=\"twitter:data2\" content=\"1 minuto\" \/>\n<script type=\"application\/ld+json\" class=\"yoast-schema-graph\">{\"@context\":\"https:\/\/schema.org\",\"@graph\":[{\"@type\":\"Article\",\"@id\":\"https:\/\/grupoaspas.com\/?p=1761#article\",\"isPartOf\":{\"@id\":\"https:\/\/grupoaspas.com\/?p=1761\"},\"author\":{\"name\":\"Carolina Neves\",\"@id\":\"https:\/\/grupoaspas.com\/#\/schema\/person\/c3affed9f98ac5cf5bd43c0ae2b08326\"},\"headline\":\"Metaverso, Reconhecimento Facial&#8230; Quais S\u00e3o as Tend\u00eancias em TI e Como Elas Podem Ser Discriminat\u00f3rias? (PUCRS)\",\"datePublished\":\"2022-08-25T15:22:47+00:00\",\"dateModified\":\"2025-07-21T15:27:31+00:00\",\"mainEntityOfPage\":{\"@id\":\"https:\/\/grupoaspas.com\/?p=1761\"},\"wordCount\":33,\"commentCount\":0,\"publisher\":{\"@id\":\"https:\/\/grupoaspas.com\/#organization\"},\"image\":{\"@id\":\"https:\/\/grupoaspas.com\/?p=1761#primaryimage\"},\"thumbnailUrl\":\"https:\/\/grupoaspas.com\/wp-content\/uploads\/2025\/07\/congresso-2.jpg\",\"articleSection\":[\"Palestras\"],\"inLanguage\":\"pt-BR\",\"potentialAction\":[{\"@type\":\"CommentAction\",\"name\":\"Comment\",\"target\":[\"https:\/\/grupoaspas.com\/?p=1761#respond\"]}]},{\"@type\":\"WebPage\",\"@id\":\"https:\/\/grupoaspas.com\/?p=1761\",\"url\":\"https:\/\/grupoaspas.com\/?p=1761\",\"name\":\"Metaverso, Reconhecimento Facial... Quais S\u00e3o as Tend\u00eancias em TI e Como Elas Podem Ser Discriminat\u00f3rias? (PUCRS) - ASPAS - Aspectos Sociot\u00e9cnicos em Plataformas de Software\",\"isPartOf\":{\"@id\":\"https:\/\/grupoaspas.com\/#website\"},\"primaryImageOfPage\":{\"@id\":\"https:\/\/grupoaspas.com\/?p=1761#primaryimage\"},\"image\":{\"@id\":\"https:\/\/grupoaspas.com\/?p=1761#primaryimage\"},\"thumbnailUrl\":\"https:\/\/grupoaspas.com\/wp-content\/uploads\/2025\/07\/congresso-2.jpg\",\"datePublished\":\"2022-08-25T15:22:47+00:00\",\"dateModified\":\"2025-07-21T15:27:31+00:00\",\"breadcrumb\":{\"@id\":\"https:\/\/grupoaspas.com\/?p=1761#breadcrumb\"},\"inLanguage\":\"pt-BR\",\"potentialAction\":[{\"@type\":\"ReadAction\",\"target\":[\"https:\/\/grupoaspas.com\/?p=1761\"]}]},{\"@type\":\"ImageObject\",\"inLanguage\":\"pt-BR\",\"@id\":\"https:\/\/grupoaspas.com\/?p=1761#primaryimage\",\"url\":\"https:\/\/grupoaspas.com\/wp-content\/uploads\/2025\/07\/congresso-2.jpg\",\"contentUrl\":\"https:\/\/grupoaspas.com\/wp-content\/uploads\/2025\/07\/congresso-2.jpg\",\"width\":1440,\"height\":1440},{\"@type\":\"BreadcrumbList\",\"@id\":\"https:\/\/grupoaspas.com\/?p=1761#breadcrumb\",\"itemListElement\":[{\"@type\":\"ListItem\",\"position\":1,\"name\":\"In\u00edcio\",\"item\":\"https:\/\/grupoaspas.com\/\"},{\"@type\":\"ListItem\",\"position\":2,\"name\":\"Metaverso, Reconhecimento Facial&#8230; Quais S\u00e3o as Tend\u00eancias em TI e Como Elas Podem Ser Discriminat\u00f3rias? (PUCRS)\"}]},{\"@type\":\"WebSite\",\"@id\":\"https:\/\/grupoaspas.com\/#website\",\"url\":\"https:\/\/grupoaspas.com\/\",\"name\":\"Grupo ASPAS\",\"description\":\"Site do Grupo de Pesquisa de Aspectos Sociot\u00e9cnicos em Plataformas de Software da UFRPE\",\"publisher\":{\"@id\":\"https:\/\/grupoaspas.com\/#organization\"},\"alternateName\":\"ASPAS - Aspectos Sociot\u00e9cnicos em Plataformas de Software\",\"potentialAction\":[{\"@type\":\"SearchAction\",\"target\":{\"@type\":\"EntryPoint\",\"urlTemplate\":\"https:\/\/grupoaspas.com\/?s={search_term_string}\"},\"query-input\":{\"@type\":\"PropertyValueSpecification\",\"valueRequired\":true,\"valueName\":\"search_term_string\"}}],\"inLanguage\":\"pt-BR\"},{\"@type\":\"Organization\",\"@id\":\"https:\/\/grupoaspas.com\/#organization\",\"name\":\"ASPAS - Aspectos Sociot\u00e9cnicos em Plataformas de Software\",\"url\":\"https:\/\/grupoaspas.com\/\",\"logo\":{\"@type\":\"ImageObject\",\"inLanguage\":\"pt-BR\",\"@id\":\"https:\/\/grupoaspas.com\/#\/schema\/logo\/image\/\",\"url\":\"https:\/\/grupoaspas.com\/wp-content\/uploads\/2025\/03\/cropped-Frame-337.png\",\"contentUrl\":\"https:\/\/grupoaspas.com\/wp-content\/uploads\/2025\/03\/cropped-Frame-337.png\",\"width\":319,\"height\":88,\"caption\":\"ASPAS - Aspectos Sociot\u00e9cnicos em Plataformas de Software\"},\"image\":{\"@id\":\"https:\/\/grupoaspas.com\/#\/schema\/logo\/image\/\"}},{\"@type\":\"Person\",\"@id\":\"https:\/\/grupoaspas.com\/#\/schema\/person\/c3affed9f98ac5cf5bd43c0ae2b08326\",\"name\":\"Carolina Neves\",\"image\":{\"@type\":\"ImageObject\",\"inLanguage\":\"pt-BR\",\"@id\":\"https:\/\/grupoaspas.com\/#\/schema\/person\/image\/\",\"url\":\"https:\/\/secure.gravatar.com\/avatar\/22da7d53b24e43b86a5b34b3bd412106?s=96&d=mm&r=g\",\"contentUrl\":\"https:\/\/secure.gravatar.com\/avatar\/22da7d53b24e43b86a5b34b3bd412106?s=96&d=mm&r=g\",\"caption\":\"Carolina Neves\"},\"url\":\"https:\/\/grupoaspas.com\/?author=2\"}]}<\/script>\n<!-- \/ Yoast SEO plugin. -->","yoast_head_json":{"title":"Metaverso, Reconhecimento Facial... Quais S\u00e3o as Tend\u00eancias em TI e Como Elas Podem Ser Discriminat\u00f3rias? (PUCRS) - ASPAS - Aspectos Sociot\u00e9cnicos em Plataformas de Software","robots":{"index":"index","follow":"follow","max-snippet":"max-snippet:-1","max-image-preview":"max-image-preview:large","max-video-preview":"max-video-preview:-1"},"canonical":"https:\/\/grupoaspas.com\/?p=1761","og_locale":"pt_BR","og_type":"article","og_title":"Metaverso, Reconhecimento Facial... Quais S\u00e3o as Tend\u00eancias em TI e Como Elas Podem Ser Discriminat\u00f3rias? (PUCRS) - ASPAS - Aspectos Sociot\u00e9cnicos em Plataformas de Software","og_description":"25 de Agosto de 2022 Congresso Internacional Tecnologia e Discrimina\u00e7\u00e3o Escola de Direito da PUC-RS","og_url":"https:\/\/grupoaspas.com\/?p=1761","og_site_name":"ASPAS - Aspectos Sociot\u00e9cnicos em Plataformas de Software","article_published_time":"2022-08-25T15:22:47+00:00","article_modified_time":"2025-07-21T15:27:31+00:00","og_image":[{"width":1440,"height":1440,"url":"https:\/\/grupoaspas.com\/wp-content\/uploads\/2025\/07\/congresso-2.jpg","type":"image\/jpeg"}],"author":"Carolina Neves","twitter_card":"summary_large_image","twitter_misc":{"Escrito por":"Carolina Neves","Est. tempo de leitura":"1 minuto"},"schema":{"@context":"https:\/\/schema.org","@graph":[{"@type":"Article","@id":"https:\/\/grupoaspas.com\/?p=1761#article","isPartOf":{"@id":"https:\/\/grupoaspas.com\/?p=1761"},"author":{"name":"Carolina Neves","@id":"https:\/\/grupoaspas.com\/#\/schema\/person\/c3affed9f98ac5cf5bd43c0ae2b08326"},"headline":"Metaverso, Reconhecimento Facial&#8230; Quais S\u00e3o as Tend\u00eancias em TI e Como Elas Podem Ser Discriminat\u00f3rias? (PUCRS)","datePublished":"2022-08-25T15:22:47+00:00","dateModified":"2025-07-21T15:27:31+00:00","mainEntityOfPage":{"@id":"https:\/\/grupoaspas.com\/?p=1761"},"wordCount":33,"commentCount":0,"publisher":{"@id":"https:\/\/grupoaspas.com\/#organization"},"image":{"@id":"https:\/\/grupoaspas.com\/?p=1761#primaryimage"},"thumbnailUrl":"https:\/\/grupoaspas.com\/wp-content\/uploads\/2025\/07\/congresso-2.jpg","articleSection":["Palestras"],"inLanguage":"pt-BR","potentialAction":[{"@type":"CommentAction","name":"Comment","target":["https:\/\/grupoaspas.com\/?p=1761#respond"]}]},{"@type":"WebPage","@id":"https:\/\/grupoaspas.com\/?p=1761","url":"https:\/\/grupoaspas.com\/?p=1761","name":"Metaverso, Reconhecimento Facial... Quais S\u00e3o as Tend\u00eancias em TI e Como Elas Podem Ser Discriminat\u00f3rias? (PUCRS) - ASPAS - Aspectos Sociot\u00e9cnicos em Plataformas de Software","isPartOf":{"@id":"https:\/\/grupoaspas.com\/#website"},"primaryImageOfPage":{"@id":"https:\/\/grupoaspas.com\/?p=1761#primaryimage"},"image":{"@id":"https:\/\/grupoaspas.com\/?p=1761#primaryimage"},"thumbnailUrl":"https:\/\/grupoaspas.com\/wp-content\/uploads\/2025\/07\/congresso-2.jpg","datePublished":"2022-08-25T15:22:47+00:00","dateModified":"2025-07-21T15:27:31+00:00","breadcrumb":{"@id":"https:\/\/grupoaspas.com\/?p=1761#breadcrumb"},"inLanguage":"pt-BR","potentialAction":[{"@type":"ReadAction","target":["https:\/\/grupoaspas.com\/?p=1761"]}]},{"@type":"ImageObject","inLanguage":"pt-BR","@id":"https:\/\/grupoaspas.com\/?p=1761#primaryimage","url":"https:\/\/grupoaspas.com\/wp-content\/uploads\/2025\/07\/congresso-2.jpg","contentUrl":"https:\/\/grupoaspas.com\/wp-content\/uploads\/2025\/07\/congresso-2.jpg","width":1440,"height":1440},{"@type":"BreadcrumbList","@id":"https:\/\/grupoaspas.com\/?p=1761#breadcrumb","itemListElement":[{"@type":"ListItem","position":1,"name":"In\u00edcio","item":"https:\/\/grupoaspas.com\/"},{"@type":"ListItem","position":2,"name":"Metaverso, Reconhecimento Facial&#8230; Quais S\u00e3o as Tend\u00eancias em TI e Como Elas Podem Ser Discriminat\u00f3rias? (PUCRS)"}]},{"@type":"WebSite","@id":"https:\/\/grupoaspas.com\/#website","url":"https:\/\/grupoaspas.com\/","name":"Grupo ASPAS","description":"Site do Grupo de Pesquisa de Aspectos Sociot\u00e9cnicos em Plataformas de Software da UFRPE","publisher":{"@id":"https:\/\/grupoaspas.com\/#organization"},"alternateName":"ASPAS - Aspectos Sociot\u00e9cnicos em Plataformas de Software","potentialAction":[{"@type":"SearchAction","target":{"@type":"EntryPoint","urlTemplate":"https:\/\/grupoaspas.com\/?s={search_term_string}"},"query-input":{"@type":"PropertyValueSpecification","valueRequired":true,"valueName":"search_term_string"}}],"inLanguage":"pt-BR"},{"@type":"Organization","@id":"https:\/\/grupoaspas.com\/#organization","name":"ASPAS - Aspectos Sociot\u00e9cnicos em Plataformas de Software","url":"https:\/\/grupoaspas.com\/","logo":{"@type":"ImageObject","inLanguage":"pt-BR","@id":"https:\/\/grupoaspas.com\/#\/schema\/logo\/image\/","url":"https:\/\/grupoaspas.com\/wp-content\/uploads\/2025\/03\/cropped-Frame-337.png","contentUrl":"https:\/\/grupoaspas.com\/wp-content\/uploads\/2025\/03\/cropped-Frame-337.png","width":319,"height":88,"caption":"ASPAS - Aspectos Sociot\u00e9cnicos em Plataformas de Software"},"image":{"@id":"https:\/\/grupoaspas.com\/#\/schema\/logo\/image\/"}},{"@type":"Person","@id":"https:\/\/grupoaspas.com\/#\/schema\/person\/c3affed9f98ac5cf5bd43c0ae2b08326","name":"Carolina Neves","image":{"@type":"ImageObject","inLanguage":"pt-BR","@id":"https:\/\/grupoaspas.com\/#\/schema\/person\/image\/","url":"https:\/\/secure.gravatar.com\/avatar\/22da7d53b24e43b86a5b34b3bd412106?s=96&d=mm&r=g","contentUrl":"https:\/\/secure.gravatar.com\/avatar\/22da7d53b24e43b86a5b34b3bd412106?s=96&d=mm&r=g","caption":"Carolina Neves"},"url":"https:\/\/grupoaspas.com\/?author=2"}]}},"_links":{"self":[{"href":"https:\/\/grupoaspas.com\/index.php?rest_route=\/wp\/v2\/posts\/1761","targetHints":{"allow":["GET"]}}],"collection":[{"href":"https:\/\/grupoaspas.com\/index.php?rest_route=\/wp\/v2\/posts"}],"about":[{"href":"https:\/\/grupoaspas.com\/index.php?rest_route=\/wp\/v2\/types\/post"}],"author":[{"embeddable":true,"href":"https:\/\/grupoaspas.com\/index.php?rest_route=\/wp\/v2\/users\/2"}],"replies":[{"embeddable":true,"href":"https:\/\/grupoaspas.com\/index.php?rest_route=%2Fwp%2Fv2%2Fcomments&post=1761"}],"version-history":[{"count":7,"href":"https:\/\/grupoaspas.com\/index.php?rest_route=\/wp\/v2\/posts\/1761\/revisions"}],"predecessor-version":[{"id":1769,"href":"https:\/\/grupoaspas.com\/index.php?rest_route=\/wp\/v2\/posts\/1761\/revisions\/1769"}],"wp:featuredmedia":[{"embeddable":true,"href":"https:\/\/grupoaspas.com\/index.php?rest_route=\/wp\/v2\/media\/1762"}],"wp:attachment":[{"href":"https:\/\/grupoaspas.com\/index.php?rest_route=%2Fwp%2Fv2%2Fmedia&parent=1761"}],"wp:term":[{"taxonomy":"category","embeddable":true,"href":"https:\/\/grupoaspas.com\/index.php?rest_route=%2Fwp%2Fv2%2Fcategories&post=1761"},{"taxonomy":"post_tag","embeddable":true,"href":"https:\/\/grupoaspas.com\/index.php?rest_route=%2Fwp%2Fv2%2Ftags&post=1761"}],"curies":[{"name":"wp","href":"https:\/\/api.w.org\/{rel}","templated":true}]}}