{"id":1632,"date":"2025-07-18T07:15:41","date_gmt":"2025-07-18T10:15:41","guid":{"rendered":"https:\/\/grupoaspas.com\/?p=1632"},"modified":"2025-07-21T07:59:50","modified_gmt":"2025-07-21T10:59:50","slug":"plataformizacao-da-educacao-uma-perspectiva-critica-sobre-tecnologias-das-big-techs-no-ensino-basico-e-superior-ufrpe","status":"publish","type":"post","link":"https:\/\/grupoaspas.com\/?p=1632","title":{"rendered":"Plataformiza\u00e7\u00e3o da Educa\u00e7\u00e3o &#8211; Uma Perspectiva Cr\u00edtica Sobre Tecnologias das Big Techs no Ensino B\u00e1sico e Superior (UFRPE)"},"content":{"rendered":"\t\t<div data-elementor-type=\"wp-post\" data-elementor-id=\"1632\" class=\"elementor elementor-1632\" data-elementor-post-type=\"post\">\n\t\t\t\t<div class=\"elementor-element elementor-element-12f8f3e e-flex e-con-boxed e-con e-parent\" data-id=\"12f8f3e\" data-element_type=\"container\" data-e-type=\"container\">\n\t\t\t\t\t<div class=\"e-con-inner\">\n\t\t\t\t<div class=\"elementor-element elementor-element-fee3563 elementor-widget elementor-widget-text-editor\" data-id=\"fee3563\" data-element_type=\"widget\" data-e-type=\"widget\" data-widget_type=\"text-editor.default\">\n\t\t\t\t<div class=\"elementor-widget-container\">\n\t\t\t\t\t\t\t\t\t<p><span style=\"color: #000000;\">18 de Julho de 2025<\/span><\/p><p><a href=\"https:\/\/sbpc.ufrpe.br\/principal\"><strong><span class=\"C9DxTc \">77\u00aa Reuni\u00e3o Anual da Sociedade Brasileira para o Progresso da Ci\u00eancia (SBPC)<\/span><\/strong><\/a><\/p><p class=\"p1\"><span style=\"color: #000000;\">PROExC Audit\u00f3rio, Universidade Federal Rural de Pernambuco, Recife, Brasil<\/span><\/p><p><span style=\"color: #000000;\">Idioma: Portugu\u00eas<\/span><\/p><p><span style=\"color: #000000;\">Contexto de vigil\u00e2ncia, massifica\u00e7\u00e3o de aprendizagem e design manipulativo nos softwares adotados no ensino.<\/span><\/p>\t\t\t\t\t\t\t\t<\/div>\n\t\t\t\t<\/div>\n\t\t\t\t\t<\/div>\n\t\t\t\t<\/div>\n\t\t<div class=\"elementor-element elementor-element-2131363 e-flex e-con-boxed e-con e-parent\" data-id=\"2131363\" data-element_type=\"container\" data-e-type=\"container\">\n\t\t\t\t\t<div class=\"e-con-inner\">\n\t\t\t\t\t<\/div>\n\t\t\t\t<\/div>\n\t\t<div class=\"elementor-element elementor-element-22b64c0 e-flex e-con-boxed e-con e-parent\" data-id=\"22b64c0\" data-element_type=\"container\" data-e-type=\"container\">\n\t\t\t\t\t<div class=\"e-con-inner\">\n\t\t\t\t<div class=\"elementor-element elementor-element-7c22e0e elementor-widget elementor-widget-image\" data-id=\"7c22e0e\" data-element_type=\"widget\" data-e-type=\"widget\" data-widget_type=\"image.default\">\n\t\t\t\t<div class=\"elementor-widget-container\">\n\t\t\t\t\t\t\t\t\t\t\t\t\t\t\t<img fetchpriority=\"high\" decoding=\"async\" width=\"240\" height=\"300\" src=\"https:\/\/grupoaspas.com\/wp-content\/uploads\/2025\/07\/SBPC25-240x300.jpg\" class=\"attachment-medium size-medium wp-image-1645\" alt=\"\" srcset=\"https:\/\/grupoaspas.com\/wp-content\/uploads\/2025\/07\/SBPC25-240x300.jpg 240w, https:\/\/grupoaspas.com\/wp-content\/uploads\/2025\/07\/SBPC25-819x1024.jpg 819w, https:\/\/grupoaspas.com\/wp-content\/uploads\/2025\/07\/SBPC25-768x960.jpg 768w, https:\/\/grupoaspas.com\/wp-content\/uploads\/2025\/07\/SBPC25.jpg 1080w\" sizes=\"(max-width: 240px) 100vw, 240px\" \/>\t\t\t\t\t\t\t\t\t\t\t\t\t\t\t<\/div>\n\t\t\t\t<\/div>\n\t\t\t\t\t<\/div>\n\t\t\t\t<\/div>\n\t\t\t\t<\/div>\n\t\t","protected":false},"excerpt":{"rendered":"<p>18 de Julho de 2025 77\u00aa Reuni\u00e3o Anual da Sociedade Brasileira para o Progresso da Ci\u00eancia (SBPC) PROExC Audit\u00f3rio, Universidade Federal Rural de Pernambuco, Recife, Brasil Idioma: Portugu\u00eas Contexto de vigil\u00e2ncia, massifica\u00e7\u00e3o de aprendizagem e design manipulativo nos softwares adotados no ensino.<\/p>\n","protected":false},"author":2,"featured_media":1645,"comment_status":"open","ping_status":"open","sticky":false,"template":"","format":"standard","meta":{"_acf_changed":false,"footnotes":""},"categories":[42],"tags":[],"class_list":["post-1632","post","type-post","status-publish","format-standard","has-post-thumbnail","hentry","category-palestras"],"acf":[],"yoast_head":"<!-- This site is optimized with the Yoast SEO plugin v25.3 - https:\/\/yoast.com\/wordpress\/plugins\/seo\/ -->\n<title>Plataformiza\u00e7\u00e3o da Educa\u00e7\u00e3o - Uma Perspectiva Cr\u00edtica Sobre Tecnologias das Big Techs no Ensino B\u00e1sico e Superior (UFRPE) - ASPAS - Aspectos Sociot\u00e9cnicos em Plataformas de Software<\/title>\n<meta name=\"robots\" content=\"index, follow, max-snippet:-1, max-image-preview:large, max-video-preview:-1\" \/>\n<link rel=\"canonical\" href=\"https:\/\/grupoaspas.com\/?p=1632\" \/>\n<meta property=\"og:locale\" content=\"pt_BR\" \/>\n<meta property=\"og:type\" content=\"article\" \/>\n<meta property=\"og:title\" content=\"Plataformiza\u00e7\u00e3o da Educa\u00e7\u00e3o - Uma Perspectiva Cr\u00edtica Sobre Tecnologias das Big Techs no Ensino B\u00e1sico e Superior (UFRPE) - ASPAS - Aspectos Sociot\u00e9cnicos em Plataformas de Software\" \/>\n<meta property=\"og:description\" content=\"18 de Julho de 2025 77\u00aa Reuni\u00e3o Anual da Sociedade Brasileira para o Progresso da Ci\u00eancia (SBPC) PROExC Audit\u00f3rio, Universidade Federal Rural de Pernambuco, Recife, Brasil Idioma: Portugu\u00eas Contexto de vigil\u00e2ncia, massifica\u00e7\u00e3o de aprendizagem e design manipulativo nos softwares adotados no ensino.\" \/>\n<meta property=\"og:url\" content=\"https:\/\/grupoaspas.com\/?p=1632\" \/>\n<meta property=\"og:site_name\" content=\"ASPAS - Aspectos Sociot\u00e9cnicos em Plataformas de Software\" \/>\n<meta property=\"article:published_time\" content=\"2025-07-18T10:15:41+00:00\" \/>\n<meta property=\"article:modified_time\" content=\"2025-07-21T10:59:50+00:00\" \/>\n<meta property=\"og:image\" content=\"https:\/\/grupoaspas.com\/wp-content\/uploads\/2025\/07\/SBPC25.jpg\" \/>\n\t<meta property=\"og:image:width\" content=\"1080\" \/>\n\t<meta property=\"og:image:height\" content=\"1350\" \/>\n\t<meta property=\"og:image:type\" content=\"image\/jpeg\" \/>\n<meta name=\"author\" content=\"Carolina Neves\" \/>\n<meta name=\"twitter:card\" content=\"summary_large_image\" \/>\n<meta name=\"twitter:label1\" content=\"Escrito por\" \/>\n\t<meta name=\"twitter:data1\" content=\"Carolina Neves\" \/>\n\t<meta name=\"twitter:label2\" content=\"Est. tempo de leitura\" \/>\n\t<meta name=\"twitter:data2\" content=\"1 minuto\" \/>\n<script type=\"application\/ld+json\" class=\"yoast-schema-graph\">{\"@context\":\"https:\/\/schema.org\",\"@graph\":[{\"@type\":\"Article\",\"@id\":\"https:\/\/grupoaspas.com\/?p=1632#article\",\"isPartOf\":{\"@id\":\"https:\/\/grupoaspas.com\/?p=1632\"},\"author\":{\"name\":\"Carolina Neves\",\"@id\":\"https:\/\/grupoaspas.com\/#\/schema\/person\/c3affed9f98ac5cf5bd43c0ae2b08326\"},\"headline\":\"Plataformiza\u00e7\u00e3o da Educa\u00e7\u00e3o &#8211; Uma Perspectiva Cr\u00edtica Sobre Tecnologias das Big Techs no Ensino B\u00e1sico e Superior (UFRPE)\",\"datePublished\":\"2025-07-18T10:15:41+00:00\",\"dateModified\":\"2025-07-21T10:59:50+00:00\",\"mainEntityOfPage\":{\"@id\":\"https:\/\/grupoaspas.com\/?p=1632\"},\"wordCount\":67,\"commentCount\":0,\"publisher\":{\"@id\":\"https:\/\/grupoaspas.com\/#organization\"},\"image\":{\"@id\":\"https:\/\/grupoaspas.com\/?p=1632#primaryimage\"},\"thumbnailUrl\":\"https:\/\/grupoaspas.com\/wp-content\/uploads\/2025\/07\/SBPC25.jpg\",\"articleSection\":[\"Palestras\"],\"inLanguage\":\"pt-BR\",\"potentialAction\":[{\"@type\":\"CommentAction\",\"name\":\"Comment\",\"target\":[\"https:\/\/grupoaspas.com\/?p=1632#respond\"]}]},{\"@type\":\"WebPage\",\"@id\":\"https:\/\/grupoaspas.com\/?p=1632\",\"url\":\"https:\/\/grupoaspas.com\/?p=1632\",\"name\":\"Plataformiza\u00e7\u00e3o da Educa\u00e7\u00e3o - Uma Perspectiva Cr\u00edtica Sobre Tecnologias das Big Techs no Ensino B\u00e1sico e Superior (UFRPE) - ASPAS - Aspectos Sociot\u00e9cnicos em Plataformas de Software\",\"isPartOf\":{\"@id\":\"https:\/\/grupoaspas.com\/#website\"},\"primaryImageOfPage\":{\"@id\":\"https:\/\/grupoaspas.com\/?p=1632#primaryimage\"},\"image\":{\"@id\":\"https:\/\/grupoaspas.com\/?p=1632#primaryimage\"},\"thumbnailUrl\":\"https:\/\/grupoaspas.com\/wp-content\/uploads\/2025\/07\/SBPC25.jpg\",\"datePublished\":\"2025-07-18T10:15:41+00:00\",\"dateModified\":\"2025-07-21T10:59:50+00:00\",\"breadcrumb\":{\"@id\":\"https:\/\/grupoaspas.com\/?p=1632#breadcrumb\"},\"inLanguage\":\"pt-BR\",\"potentialAction\":[{\"@type\":\"ReadAction\",\"target\":[\"https:\/\/grupoaspas.com\/?p=1632\"]}]},{\"@type\":\"ImageObject\",\"inLanguage\":\"pt-BR\",\"@id\":\"https:\/\/grupoaspas.com\/?p=1632#primaryimage\",\"url\":\"https:\/\/grupoaspas.com\/wp-content\/uploads\/2025\/07\/SBPC25.jpg\",\"contentUrl\":\"https:\/\/grupoaspas.com\/wp-content\/uploads\/2025\/07\/SBPC25.jpg\",\"width\":1080,\"height\":1350},{\"@type\":\"BreadcrumbList\",\"@id\":\"https:\/\/grupoaspas.com\/?p=1632#breadcrumb\",\"itemListElement\":[{\"@type\":\"ListItem\",\"position\":1,\"name\":\"In\u00edcio\",\"item\":\"https:\/\/grupoaspas.com\/\"},{\"@type\":\"ListItem\",\"position\":2,\"name\":\"Plataformiza\u00e7\u00e3o da Educa\u00e7\u00e3o &#8211; Uma Perspectiva Cr\u00edtica Sobre Tecnologias das Big Techs no Ensino B\u00e1sico e Superior (UFRPE)\"}]},{\"@type\":\"WebSite\",\"@id\":\"https:\/\/grupoaspas.com\/#website\",\"url\":\"https:\/\/grupoaspas.com\/\",\"name\":\"Grupo ASPAS\",\"description\":\"Site do Grupo de Pesquisa de Aspectos Sociot\u00e9cnicos em Plataformas de Software da UFRPE\",\"publisher\":{\"@id\":\"https:\/\/grupoaspas.com\/#organization\"},\"alternateName\":\"ASPAS - Aspectos Sociot\u00e9cnicos em Plataformas de Software\",\"potentialAction\":[{\"@type\":\"SearchAction\",\"target\":{\"@type\":\"EntryPoint\",\"urlTemplate\":\"https:\/\/grupoaspas.com\/?s={search_term_string}\"},\"query-input\":{\"@type\":\"PropertyValueSpecification\",\"valueRequired\":true,\"valueName\":\"search_term_string\"}}],\"inLanguage\":\"pt-BR\"},{\"@type\":\"Organization\",\"@id\":\"https:\/\/grupoaspas.com\/#organization\",\"name\":\"ASPAS - Aspectos Sociot\u00e9cnicos em Plataformas de Software\",\"url\":\"https:\/\/grupoaspas.com\/\",\"logo\":{\"@type\":\"ImageObject\",\"inLanguage\":\"pt-BR\",\"@id\":\"https:\/\/grupoaspas.com\/#\/schema\/logo\/image\/\",\"url\":\"https:\/\/grupoaspas.com\/wp-content\/uploads\/2025\/03\/cropped-Frame-337.png\",\"contentUrl\":\"https:\/\/grupoaspas.com\/wp-content\/uploads\/2025\/03\/cropped-Frame-337.png\",\"width\":319,\"height\":88,\"caption\":\"ASPAS - Aspectos Sociot\u00e9cnicos em Plataformas de Software\"},\"image\":{\"@id\":\"https:\/\/grupoaspas.com\/#\/schema\/logo\/image\/\"}},{\"@type\":\"Person\",\"@id\":\"https:\/\/grupoaspas.com\/#\/schema\/person\/c3affed9f98ac5cf5bd43c0ae2b08326\",\"name\":\"Carolina Neves\",\"image\":{\"@type\":\"ImageObject\",\"inLanguage\":\"pt-BR\",\"@id\":\"https:\/\/grupoaspas.com\/#\/schema\/person\/image\/\",\"url\":\"https:\/\/secure.gravatar.com\/avatar\/22da7d53b24e43b86a5b34b3bd412106?s=96&d=mm&r=g\",\"contentUrl\":\"https:\/\/secure.gravatar.com\/avatar\/22da7d53b24e43b86a5b34b3bd412106?s=96&d=mm&r=g\",\"caption\":\"Carolina Neves\"},\"url\":\"https:\/\/grupoaspas.com\/?author=2\"}]}<\/script>\n<!-- \/ Yoast SEO plugin. -->","yoast_head_json":{"title":"Plataformiza\u00e7\u00e3o da Educa\u00e7\u00e3o - Uma Perspectiva Cr\u00edtica Sobre Tecnologias das Big Techs no Ensino B\u00e1sico e Superior (UFRPE) - ASPAS - Aspectos Sociot\u00e9cnicos em Plataformas de Software","robots":{"index":"index","follow":"follow","max-snippet":"max-snippet:-1","max-image-preview":"max-image-preview:large","max-video-preview":"max-video-preview:-1"},"canonical":"https:\/\/grupoaspas.com\/?p=1632","og_locale":"pt_BR","og_type":"article","og_title":"Plataformiza\u00e7\u00e3o da Educa\u00e7\u00e3o - Uma Perspectiva Cr\u00edtica Sobre Tecnologias das Big Techs no Ensino B\u00e1sico e Superior (UFRPE) - ASPAS - Aspectos Sociot\u00e9cnicos em Plataformas de Software","og_description":"18 de Julho de 2025 77\u00aa Reuni\u00e3o Anual da Sociedade Brasileira para o Progresso da Ci\u00eancia (SBPC) PROExC Audit\u00f3rio, Universidade Federal Rural de Pernambuco, Recife, Brasil Idioma: Portugu\u00eas Contexto de vigil\u00e2ncia, massifica\u00e7\u00e3o de aprendizagem e design manipulativo nos softwares adotados no ensino.","og_url":"https:\/\/grupoaspas.com\/?p=1632","og_site_name":"ASPAS - Aspectos Sociot\u00e9cnicos em Plataformas de Software","article_published_time":"2025-07-18T10:15:41+00:00","article_modified_time":"2025-07-21T10:59:50+00:00","og_image":[{"width":1080,"height":1350,"url":"https:\/\/grupoaspas.com\/wp-content\/uploads\/2025\/07\/SBPC25.jpg","type":"image\/jpeg"}],"author":"Carolina Neves","twitter_card":"summary_large_image","twitter_misc":{"Escrito por":"Carolina Neves","Est. tempo de leitura":"1 minuto"},"schema":{"@context":"https:\/\/schema.org","@graph":[{"@type":"Article","@id":"https:\/\/grupoaspas.com\/?p=1632#article","isPartOf":{"@id":"https:\/\/grupoaspas.com\/?p=1632"},"author":{"name":"Carolina Neves","@id":"https:\/\/grupoaspas.com\/#\/schema\/person\/c3affed9f98ac5cf5bd43c0ae2b08326"},"headline":"Plataformiza\u00e7\u00e3o da Educa\u00e7\u00e3o &#8211; Uma Perspectiva Cr\u00edtica Sobre Tecnologias das Big Techs no Ensino B\u00e1sico e Superior (UFRPE)","datePublished":"2025-07-18T10:15:41+00:00","dateModified":"2025-07-21T10:59:50+00:00","mainEntityOfPage":{"@id":"https:\/\/grupoaspas.com\/?p=1632"},"wordCount":67,"commentCount":0,"publisher":{"@id":"https:\/\/grupoaspas.com\/#organization"},"image":{"@id":"https:\/\/grupoaspas.com\/?p=1632#primaryimage"},"thumbnailUrl":"https:\/\/grupoaspas.com\/wp-content\/uploads\/2025\/07\/SBPC25.jpg","articleSection":["Palestras"],"inLanguage":"pt-BR","potentialAction":[{"@type":"CommentAction","name":"Comment","target":["https:\/\/grupoaspas.com\/?p=1632#respond"]}]},{"@type":"WebPage","@id":"https:\/\/grupoaspas.com\/?p=1632","url":"https:\/\/grupoaspas.com\/?p=1632","name":"Plataformiza\u00e7\u00e3o da Educa\u00e7\u00e3o - Uma Perspectiva Cr\u00edtica Sobre Tecnologias das Big Techs no Ensino B\u00e1sico e Superior (UFRPE) - ASPAS - Aspectos Sociot\u00e9cnicos em Plataformas de Software","isPartOf":{"@id":"https:\/\/grupoaspas.com\/#website"},"primaryImageOfPage":{"@id":"https:\/\/grupoaspas.com\/?p=1632#primaryimage"},"image":{"@id":"https:\/\/grupoaspas.com\/?p=1632#primaryimage"},"thumbnailUrl":"https:\/\/grupoaspas.com\/wp-content\/uploads\/2025\/07\/SBPC25.jpg","datePublished":"2025-07-18T10:15:41+00:00","dateModified":"2025-07-21T10:59:50+00:00","breadcrumb":{"@id":"https:\/\/grupoaspas.com\/?p=1632#breadcrumb"},"inLanguage":"pt-BR","potentialAction":[{"@type":"ReadAction","target":["https:\/\/grupoaspas.com\/?p=1632"]}]},{"@type":"ImageObject","inLanguage":"pt-BR","@id":"https:\/\/grupoaspas.com\/?p=1632#primaryimage","url":"https:\/\/grupoaspas.com\/wp-content\/uploads\/2025\/07\/SBPC25.jpg","contentUrl":"https:\/\/grupoaspas.com\/wp-content\/uploads\/2025\/07\/SBPC25.jpg","width":1080,"height":1350},{"@type":"BreadcrumbList","@id":"https:\/\/grupoaspas.com\/?p=1632#breadcrumb","itemListElement":[{"@type":"ListItem","position":1,"name":"In\u00edcio","item":"https:\/\/grupoaspas.com\/"},{"@type":"ListItem","position":2,"name":"Plataformiza\u00e7\u00e3o da Educa\u00e7\u00e3o &#8211; Uma Perspectiva Cr\u00edtica Sobre Tecnologias das Big Techs no Ensino B\u00e1sico e Superior (UFRPE)"}]},{"@type":"WebSite","@id":"https:\/\/grupoaspas.com\/#website","url":"https:\/\/grupoaspas.com\/","name":"Grupo ASPAS","description":"Site do Grupo de Pesquisa de Aspectos Sociot\u00e9cnicos em Plataformas de Software da UFRPE","publisher":{"@id":"https:\/\/grupoaspas.com\/#organization"},"alternateName":"ASPAS - Aspectos Sociot\u00e9cnicos em Plataformas de Software","potentialAction":[{"@type":"SearchAction","target":{"@type":"EntryPoint","urlTemplate":"https:\/\/grupoaspas.com\/?s={search_term_string}"},"query-input":{"@type":"PropertyValueSpecification","valueRequired":true,"valueName":"search_term_string"}}],"inLanguage":"pt-BR"},{"@type":"Organization","@id":"https:\/\/grupoaspas.com\/#organization","name":"ASPAS - Aspectos Sociot\u00e9cnicos em Plataformas de Software","url":"https:\/\/grupoaspas.com\/","logo":{"@type":"ImageObject","inLanguage":"pt-BR","@id":"https:\/\/grupoaspas.com\/#\/schema\/logo\/image\/","url":"https:\/\/grupoaspas.com\/wp-content\/uploads\/2025\/03\/cropped-Frame-337.png","contentUrl":"https:\/\/grupoaspas.com\/wp-content\/uploads\/2025\/03\/cropped-Frame-337.png","width":319,"height":88,"caption":"ASPAS - Aspectos Sociot\u00e9cnicos em Plataformas de Software"},"image":{"@id":"https:\/\/grupoaspas.com\/#\/schema\/logo\/image\/"}},{"@type":"Person","@id":"https:\/\/grupoaspas.com\/#\/schema\/person\/c3affed9f98ac5cf5bd43c0ae2b08326","name":"Carolina Neves","image":{"@type":"ImageObject","inLanguage":"pt-BR","@id":"https:\/\/grupoaspas.com\/#\/schema\/person\/image\/","url":"https:\/\/secure.gravatar.com\/avatar\/22da7d53b24e43b86a5b34b3bd412106?s=96&d=mm&r=g","contentUrl":"https:\/\/secure.gravatar.com\/avatar\/22da7d53b24e43b86a5b34b3bd412106?s=96&d=mm&r=g","caption":"Carolina Neves"},"url":"https:\/\/grupoaspas.com\/?author=2"}]}},"_links":{"self":[{"href":"https:\/\/grupoaspas.com\/index.php?rest_route=\/wp\/v2\/posts\/1632","targetHints":{"allow":["GET"]}}],"collection":[{"href":"https:\/\/grupoaspas.com\/index.php?rest_route=\/wp\/v2\/posts"}],"about":[{"href":"https:\/\/grupoaspas.com\/index.php?rest_route=\/wp\/v2\/types\/post"}],"author":[{"embeddable":true,"href":"https:\/\/grupoaspas.com\/index.php?rest_route=\/wp\/v2\/users\/2"}],"replies":[{"embeddable":true,"href":"https:\/\/grupoaspas.com\/index.php?rest_route=%2Fwp%2Fv2%2Fcomments&post=1632"}],"version-history":[{"count":11,"href":"https:\/\/grupoaspas.com\/index.php?rest_route=\/wp\/v2\/posts\/1632\/revisions"}],"predecessor-version":[{"id":1648,"href":"https:\/\/grupoaspas.com\/index.php?rest_route=\/wp\/v2\/posts\/1632\/revisions\/1648"}],"wp:featuredmedia":[{"embeddable":true,"href":"https:\/\/grupoaspas.com\/index.php?rest_route=\/wp\/v2\/media\/1645"}],"wp:attachment":[{"href":"https:\/\/grupoaspas.com\/index.php?rest_route=%2Fwp%2Fv2%2Fmedia&parent=1632"}],"wp:term":[{"taxonomy":"category","embeddable":true,"href":"https:\/\/grupoaspas.com\/index.php?rest_route=%2Fwp%2Fv2%2Fcategories&post=1632"},{"taxonomy":"post_tag","embeddable":true,"href":"https:\/\/grupoaspas.com\/index.php?rest_route=%2Fwp%2Fv2%2Ftags&post=1632"}],"curies":[{"name":"wp","href":"https:\/\/api.w.org\/{rel}","templated":true}]}}