{"id":1417,"date":"2024-11-14T07:16:36","date_gmt":"2024-11-14T10:16:36","guid":{"rendered":"https:\/\/grupoaspas.com\/?p=1417"},"modified":"2025-07-16T11:31:40","modified_gmt":"2025-07-16T14:31:40","slug":"inteligencia-artificial-e-tecnologias-na-saude-ou-contra-ela-em-muitas-situacoes","status":"publish","type":"post","link":"https:\/\/grupoaspas.com\/?p=1417","title":{"rendered":"Intelig\u00eancia Artificial e Tecnologias na Sa\u00fade (ou contra ela, em muitas situa\u00e7\u00f5es)"},"content":{"rendered":"\t\t<div data-elementor-type=\"wp-post\" data-elementor-id=\"1417\" class=\"elementor elementor-1417\" data-elementor-post-type=\"post\">\n\t\t\t\t<div class=\"elementor-element elementor-element-0294f5b e-flex e-con-boxed e-con e-parent\" data-id=\"0294f5b\" data-element_type=\"container\" data-e-type=\"container\">\n\t\t\t\t\t<div class=\"e-con-inner\">\n\t\t\t\t<div class=\"elementor-element elementor-element-20c0687 elementor-widget elementor-widget-text-editor\" data-id=\"20c0687\" data-element_type=\"widget\" data-e-type=\"widget\" data-widget_type=\"text-editor.default\">\n\t\t\t\t<div class=\"elementor-widget-container\">\n\t\t\t\t\t\t\t\t\t<p><span style=\"color: #000000;\">14 de Novembro de 2024<\/span><\/p><p><a href=\"https:\/\/eventos.sescpe.com.br\/seminariodesaudedosescpe-491546\/\"><strong>I Semin\u00e1rio de Sa\u00fade do SESC Prnambuco<\/strong><\/a><\/p><p><span style=\"color: #000000;\">Centro de Eventos Recife, Recife, Brasil<\/span><\/p><p><span style=\"font-family: Aptos, Aptos_EmbeddedFont, Aptos_MSFontService, Calibri, Helvetica, sans-serif; color: #000000;\">O I Semin\u00e1rio de Sa\u00fade do Sesc Pernambuco, ocorreu de 12 a 14 de novembro, no Centro de Eventos do Recife, abordando o tema &#8220;Da Universidade \u00e0 Sociedade: Pr\u00e1ticas Inovadoras para Qualidade de Vida&#8221;. O evento evidenciou o compromisso da institui\u00e7\u00e3o em trazer \u00e0 tona discuss\u00f5es relevantes, proporcionando um espa\u00e7o para o compartilhamento de conhecimentos e experi\u00eancias comprometidas com a busca cont\u00ednua por abordagens criativas e inovadoras para promo\u00e7\u00e3o da qualidade de vida.<\/span><\/p>\t\t\t\t\t\t\t\t<\/div>\n\t\t\t\t<\/div>\n\t\t\t\t\t<\/div>\n\t\t\t\t<\/div>\n\t\t\t\t<\/div>\n\t\t","protected":false},"excerpt":{"rendered":"<p>14 de Novembro de 2024 I Semin\u00e1rio de Sa\u00fade do SESC Prnambuco Centro de Eventos Recife, Recife, Brasil O I Semin\u00e1rio de Sa\u00fade do Sesc Pernambuco, ocorreu de 12 a 14 de novembro, no Centro de Eventos do Recife, abordando o tema &#8220;Da Universidade \u00e0 Sociedade: Pr\u00e1ticas Inovadoras para Qualidade de Vida&#8221;. O evento evidenciou [&hellip;]<\/p>\n","protected":false},"author":2,"featured_media":0,"comment_status":"open","ping_status":"open","sticky":false,"template":"","format":"standard","meta":{"_acf_changed":false,"footnotes":""},"categories":[42],"tags":[],"class_list":["post-1417","post","type-post","status-publish","format-standard","hentry","category-palestras"],"acf":[],"yoast_head":"<!-- This site is optimized with the Yoast SEO plugin v25.3 - https:\/\/yoast.com\/wordpress\/plugins\/seo\/ -->\n<title>Intelig\u00eancia Artificial e Tecnologias na Sa\u00fade (ou contra ela, em muitas situa\u00e7\u00f5es) - ASPAS - Aspectos Sociot\u00e9cnicos em Plataformas de Software<\/title>\n<meta name=\"robots\" content=\"index, follow, max-snippet:-1, max-image-preview:large, max-video-preview:-1\" \/>\n<link rel=\"canonical\" href=\"https:\/\/grupoaspas.com\/?p=1417\" \/>\n<meta property=\"og:locale\" content=\"pt_BR\" \/>\n<meta property=\"og:type\" content=\"article\" \/>\n<meta property=\"og:title\" content=\"Intelig\u00eancia Artificial e Tecnologias na Sa\u00fade (ou contra ela, em muitas situa\u00e7\u00f5es) - ASPAS - Aspectos Sociot\u00e9cnicos em Plataformas de Software\" \/>\n<meta property=\"og:description\" content=\"14 de Novembro de 2024 I Semin\u00e1rio de Sa\u00fade do SESC Prnambuco Centro de Eventos Recife, Recife, Brasil O I Semin\u00e1rio de Sa\u00fade do Sesc Pernambuco, ocorreu de 12 a 14 de novembro, no Centro de Eventos do Recife, abordando o tema &#8220;Da Universidade \u00e0 Sociedade: Pr\u00e1ticas Inovadoras para Qualidade de Vida&#8221;. O evento evidenciou [&hellip;]\" \/>\n<meta property=\"og:url\" content=\"https:\/\/grupoaspas.com\/?p=1417\" \/>\n<meta property=\"og:site_name\" content=\"ASPAS - Aspectos Sociot\u00e9cnicos em Plataformas de Software\" \/>\n<meta property=\"article:published_time\" content=\"2024-11-14T10:16:36+00:00\" \/>\n<meta property=\"article:modified_time\" content=\"2025-07-16T14:31:40+00:00\" \/>\n<meta name=\"author\" content=\"Carolina Neves\" \/>\n<meta name=\"twitter:card\" content=\"summary_large_image\" \/>\n<meta name=\"twitter:label1\" content=\"Escrito por\" \/>\n\t<meta name=\"twitter:data1\" content=\"Carolina Neves\" \/>\n\t<meta name=\"twitter:label2\" content=\"Est. tempo de leitura\" \/>\n\t<meta name=\"twitter:data2\" content=\"1 minuto\" \/>\n<script type=\"application\/ld+json\" class=\"yoast-schema-graph\">{\"@context\":\"https:\/\/schema.org\",\"@graph\":[{\"@type\":\"Article\",\"@id\":\"https:\/\/grupoaspas.com\/?p=1417#article\",\"isPartOf\":{\"@id\":\"https:\/\/grupoaspas.com\/?p=1417\"},\"author\":{\"name\":\"Carolina Neves\",\"@id\":\"https:\/\/grupoaspas.com\/#\/schema\/person\/c3affed9f98ac5cf5bd43c0ae2b08326\"},\"headline\":\"Intelig\u00eancia Artificial e Tecnologias na Sa\u00fade (ou contra ela, em muitas situa\u00e7\u00f5es)\",\"datePublished\":\"2024-11-14T10:16:36+00:00\",\"dateModified\":\"2025-07-16T14:31:40+00:00\",\"mainEntityOfPage\":{\"@id\":\"https:\/\/grupoaspas.com\/?p=1417\"},\"wordCount\":111,\"commentCount\":0,\"publisher\":{\"@id\":\"https:\/\/grupoaspas.com\/#organization\"},\"articleSection\":[\"Palestras\"],\"inLanguage\":\"pt-BR\",\"potentialAction\":[{\"@type\":\"CommentAction\",\"name\":\"Comment\",\"target\":[\"https:\/\/grupoaspas.com\/?p=1417#respond\"]}]},{\"@type\":\"WebPage\",\"@id\":\"https:\/\/grupoaspas.com\/?p=1417\",\"url\":\"https:\/\/grupoaspas.com\/?p=1417\",\"name\":\"Intelig\u00eancia Artificial e Tecnologias na Sa\u00fade (ou contra ela, em muitas situa\u00e7\u00f5es) - ASPAS - Aspectos Sociot\u00e9cnicos em Plataformas de Software\",\"isPartOf\":{\"@id\":\"https:\/\/grupoaspas.com\/#website\"},\"datePublished\":\"2024-11-14T10:16:36+00:00\",\"dateModified\":\"2025-07-16T14:31:40+00:00\",\"breadcrumb\":{\"@id\":\"https:\/\/grupoaspas.com\/?p=1417#breadcrumb\"},\"inLanguage\":\"pt-BR\",\"potentialAction\":[{\"@type\":\"ReadAction\",\"target\":[\"https:\/\/grupoaspas.com\/?p=1417\"]}]},{\"@type\":\"BreadcrumbList\",\"@id\":\"https:\/\/grupoaspas.com\/?p=1417#breadcrumb\",\"itemListElement\":[{\"@type\":\"ListItem\",\"position\":1,\"name\":\"In\u00edcio\",\"item\":\"https:\/\/grupoaspas.com\/\"},{\"@type\":\"ListItem\",\"position\":2,\"name\":\"Intelig\u00eancia Artificial e Tecnologias na Sa\u00fade (ou contra ela, em muitas situa\u00e7\u00f5es)\"}]},{\"@type\":\"WebSite\",\"@id\":\"https:\/\/grupoaspas.com\/#website\",\"url\":\"https:\/\/grupoaspas.com\/\",\"name\":\"Grupo ASPAS\",\"description\":\"Site do Grupo de Pesquisa de Aspectos Sociot\u00e9cnicos em Plataformas de Software da UFRPE\",\"publisher\":{\"@id\":\"https:\/\/grupoaspas.com\/#organization\"},\"alternateName\":\"ASPAS - Aspectos Sociot\u00e9cnicos em Plataformas de Software\",\"potentialAction\":[{\"@type\":\"SearchAction\",\"target\":{\"@type\":\"EntryPoint\",\"urlTemplate\":\"https:\/\/grupoaspas.com\/?s={search_term_string}\"},\"query-input\":{\"@type\":\"PropertyValueSpecification\",\"valueRequired\":true,\"valueName\":\"search_term_string\"}}],\"inLanguage\":\"pt-BR\"},{\"@type\":\"Organization\",\"@id\":\"https:\/\/grupoaspas.com\/#organization\",\"name\":\"ASPAS - Aspectos Sociot\u00e9cnicos em Plataformas de Software\",\"url\":\"https:\/\/grupoaspas.com\/\",\"logo\":{\"@type\":\"ImageObject\",\"inLanguage\":\"pt-BR\",\"@id\":\"https:\/\/grupoaspas.com\/#\/schema\/logo\/image\/\",\"url\":\"https:\/\/grupoaspas.com\/wp-content\/uploads\/2025\/03\/cropped-Frame-337.png\",\"contentUrl\":\"https:\/\/grupoaspas.com\/wp-content\/uploads\/2025\/03\/cropped-Frame-337.png\",\"width\":319,\"height\":88,\"caption\":\"ASPAS - Aspectos Sociot\u00e9cnicos em Plataformas de Software\"},\"image\":{\"@id\":\"https:\/\/grupoaspas.com\/#\/schema\/logo\/image\/\"}},{\"@type\":\"Person\",\"@id\":\"https:\/\/grupoaspas.com\/#\/schema\/person\/c3affed9f98ac5cf5bd43c0ae2b08326\",\"name\":\"Carolina Neves\",\"image\":{\"@type\":\"ImageObject\",\"inLanguage\":\"pt-BR\",\"@id\":\"https:\/\/grupoaspas.com\/#\/schema\/person\/image\/\",\"url\":\"https:\/\/secure.gravatar.com\/avatar\/22da7d53b24e43b86a5b34b3bd412106?s=96&d=mm&r=g\",\"contentUrl\":\"https:\/\/secure.gravatar.com\/avatar\/22da7d53b24e43b86a5b34b3bd412106?s=96&d=mm&r=g\",\"caption\":\"Carolina Neves\"},\"url\":\"https:\/\/grupoaspas.com\/?author=2\"}]}<\/script>\n<!-- \/ Yoast SEO plugin. -->","yoast_head_json":{"title":"Intelig\u00eancia Artificial e Tecnologias na Sa\u00fade (ou contra ela, em muitas situa\u00e7\u00f5es) - ASPAS - Aspectos Sociot\u00e9cnicos em Plataformas de Software","robots":{"index":"index","follow":"follow","max-snippet":"max-snippet:-1","max-image-preview":"max-image-preview:large","max-video-preview":"max-video-preview:-1"},"canonical":"https:\/\/grupoaspas.com\/?p=1417","og_locale":"pt_BR","og_type":"article","og_title":"Intelig\u00eancia Artificial e Tecnologias na Sa\u00fade (ou contra ela, em muitas situa\u00e7\u00f5es) - ASPAS - Aspectos Sociot\u00e9cnicos em Plataformas de Software","og_description":"14 de Novembro de 2024 I Semin\u00e1rio de Sa\u00fade do SESC Prnambuco Centro de Eventos Recife, Recife, Brasil O I Semin\u00e1rio de Sa\u00fade do Sesc Pernambuco, ocorreu de 12 a 14 de novembro, no Centro de Eventos do Recife, abordando o tema &#8220;Da Universidade \u00e0 Sociedade: Pr\u00e1ticas Inovadoras para Qualidade de Vida&#8221;. O evento evidenciou [&hellip;]","og_url":"https:\/\/grupoaspas.com\/?p=1417","og_site_name":"ASPAS - Aspectos Sociot\u00e9cnicos em Plataformas de Software","article_published_time":"2024-11-14T10:16:36+00:00","article_modified_time":"2025-07-16T14:31:40+00:00","author":"Carolina Neves","twitter_card":"summary_large_image","twitter_misc":{"Escrito por":"Carolina Neves","Est. tempo de leitura":"1 minuto"},"schema":{"@context":"https:\/\/schema.org","@graph":[{"@type":"Article","@id":"https:\/\/grupoaspas.com\/?p=1417#article","isPartOf":{"@id":"https:\/\/grupoaspas.com\/?p=1417"},"author":{"name":"Carolina Neves","@id":"https:\/\/grupoaspas.com\/#\/schema\/person\/c3affed9f98ac5cf5bd43c0ae2b08326"},"headline":"Intelig\u00eancia Artificial e Tecnologias na Sa\u00fade (ou contra ela, em muitas situa\u00e7\u00f5es)","datePublished":"2024-11-14T10:16:36+00:00","dateModified":"2025-07-16T14:31:40+00:00","mainEntityOfPage":{"@id":"https:\/\/grupoaspas.com\/?p=1417"},"wordCount":111,"commentCount":0,"publisher":{"@id":"https:\/\/grupoaspas.com\/#organization"},"articleSection":["Palestras"],"inLanguage":"pt-BR","potentialAction":[{"@type":"CommentAction","name":"Comment","target":["https:\/\/grupoaspas.com\/?p=1417#respond"]}]},{"@type":"WebPage","@id":"https:\/\/grupoaspas.com\/?p=1417","url":"https:\/\/grupoaspas.com\/?p=1417","name":"Intelig\u00eancia Artificial e Tecnologias na Sa\u00fade (ou contra ela, em muitas situa\u00e7\u00f5es) - ASPAS - Aspectos Sociot\u00e9cnicos em Plataformas de Software","isPartOf":{"@id":"https:\/\/grupoaspas.com\/#website"},"datePublished":"2024-11-14T10:16:36+00:00","dateModified":"2025-07-16T14:31:40+00:00","breadcrumb":{"@id":"https:\/\/grupoaspas.com\/?p=1417#breadcrumb"},"inLanguage":"pt-BR","potentialAction":[{"@type":"ReadAction","target":["https:\/\/grupoaspas.com\/?p=1417"]}]},{"@type":"BreadcrumbList","@id":"https:\/\/grupoaspas.com\/?p=1417#breadcrumb","itemListElement":[{"@type":"ListItem","position":1,"name":"In\u00edcio","item":"https:\/\/grupoaspas.com\/"},{"@type":"ListItem","position":2,"name":"Intelig\u00eancia Artificial e Tecnologias na Sa\u00fade (ou contra ela, em muitas situa\u00e7\u00f5es)"}]},{"@type":"WebSite","@id":"https:\/\/grupoaspas.com\/#website","url":"https:\/\/grupoaspas.com\/","name":"Grupo ASPAS","description":"Site do Grupo de Pesquisa de Aspectos Sociot\u00e9cnicos em Plataformas de Software da UFRPE","publisher":{"@id":"https:\/\/grupoaspas.com\/#organization"},"alternateName":"ASPAS - Aspectos Sociot\u00e9cnicos em Plataformas de Software","potentialAction":[{"@type":"SearchAction","target":{"@type":"EntryPoint","urlTemplate":"https:\/\/grupoaspas.com\/?s={search_term_string}"},"query-input":{"@type":"PropertyValueSpecification","valueRequired":true,"valueName":"search_term_string"}}],"inLanguage":"pt-BR"},{"@type":"Organization","@id":"https:\/\/grupoaspas.com\/#organization","name":"ASPAS - Aspectos Sociot\u00e9cnicos em Plataformas de Software","url":"https:\/\/grupoaspas.com\/","logo":{"@type":"ImageObject","inLanguage":"pt-BR","@id":"https:\/\/grupoaspas.com\/#\/schema\/logo\/image\/","url":"https:\/\/grupoaspas.com\/wp-content\/uploads\/2025\/03\/cropped-Frame-337.png","contentUrl":"https:\/\/grupoaspas.com\/wp-content\/uploads\/2025\/03\/cropped-Frame-337.png","width":319,"height":88,"caption":"ASPAS - Aspectos Sociot\u00e9cnicos em Plataformas de Software"},"image":{"@id":"https:\/\/grupoaspas.com\/#\/schema\/logo\/image\/"}},{"@type":"Person","@id":"https:\/\/grupoaspas.com\/#\/schema\/person\/c3affed9f98ac5cf5bd43c0ae2b08326","name":"Carolina Neves","image":{"@type":"ImageObject","inLanguage":"pt-BR","@id":"https:\/\/grupoaspas.com\/#\/schema\/person\/image\/","url":"https:\/\/secure.gravatar.com\/avatar\/22da7d53b24e43b86a5b34b3bd412106?s=96&d=mm&r=g","contentUrl":"https:\/\/secure.gravatar.com\/avatar\/22da7d53b24e43b86a5b34b3bd412106?s=96&d=mm&r=g","caption":"Carolina Neves"},"url":"https:\/\/grupoaspas.com\/?author=2"}]}},"_links":{"self":[{"href":"https:\/\/grupoaspas.com\/index.php?rest_route=\/wp\/v2\/posts\/1417","targetHints":{"allow":["GET"]}}],"collection":[{"href":"https:\/\/grupoaspas.com\/index.php?rest_route=\/wp\/v2\/posts"}],"about":[{"href":"https:\/\/grupoaspas.com\/index.php?rest_route=\/wp\/v2\/types\/post"}],"author":[{"embeddable":true,"href":"https:\/\/grupoaspas.com\/index.php?rest_route=\/wp\/v2\/users\/2"}],"replies":[{"embeddable":true,"href":"https:\/\/grupoaspas.com\/index.php?rest_route=%2Fwp%2Fv2%2Fcomments&post=1417"}],"version-history":[{"count":7,"href":"https:\/\/grupoaspas.com\/index.php?rest_route=\/wp\/v2\/posts\/1417\/revisions"}],"predecessor-version":[{"id":1425,"href":"https:\/\/grupoaspas.com\/index.php?rest_route=\/wp\/v2\/posts\/1417\/revisions\/1425"}],"wp:attachment":[{"href":"https:\/\/grupoaspas.com\/index.php?rest_route=%2Fwp%2Fv2%2Fmedia&parent=1417"}],"wp:term":[{"taxonomy":"category","embeddable":true,"href":"https:\/\/grupoaspas.com\/index.php?rest_route=%2Fwp%2Fv2%2Fcategories&post=1417"},{"taxonomy":"post_tag","embeddable":true,"href":"https:\/\/grupoaspas.com\/index.php?rest_route=%2Fwp%2Fv2%2Ftags&post=1417"}],"curies":[{"name":"wp","href":"https:\/\/api.w.org\/{rel}","templated":true}]}}