{"id":1360,"date":"2024-11-07T16:53:39","date_gmt":"2024-11-07T19:53:39","guid":{"rendered":"https:\/\/grupoaspas.com\/?p=1360"},"modified":"2025-07-16T11:05:34","modified_gmt":"2025-07-16T14:05:34","slug":"governanca-responsavel-politica-do-uso-da-ia-generativa-no-tribunal-de-contas-do-estado-de-pernambuco","status":"publish","type":"post","link":"https:\/\/grupoaspas.com\/?p=1360","title":{"rendered":"Governan\u00e7a Respons\u00e1vel: Pol\u00edtica do Uso da IA Generativa no Tribunal de Contas do Estado de Pernambuco"},"content":{"rendered":"\t\t<div data-elementor-type=\"wp-post\" data-elementor-id=\"1360\" class=\"elementor elementor-1360\" data-elementor-post-type=\"post\">\n\t\t\t\t<div class=\"elementor-element elementor-element-86b67cc e-flex e-con-boxed e-con e-parent\" data-id=\"86b67cc\" data-element_type=\"container\" data-e-type=\"container\">\n\t\t\t\t\t<div class=\"e-con-inner\">\n\t\t\t\t<div class=\"elementor-element elementor-element-5258781 elementor-widget elementor-widget-text-editor\" data-id=\"5258781\" data-element_type=\"widget\" data-e-type=\"widget\" data-widget_type=\"text-editor.default\">\n\t\t\t\t<div class=\"elementor-widget-container\">\n\t\t\t\t\t\t\t\t\t<p><span style=\"color: #000000;\">07 de Novembro de 2024<\/span><\/p><p><a href=\"https:\/\/govinplay.recife.pe.gov.br\/#oQueE\"><strong>Gov in Play<\/strong><\/a><\/p><p><span style=\"color: #000000;\">Audit\u00f3rio do Banco do Brasil, Recife, Brasil<\/span><\/p><p><span style=\"color: #000000;\">Gov in Play \u00e9 um encontro de inova\u00e7\u00e3o e tecnologia no setor p\u00fablico que fomenta a constru\u00e7\u00e3o de pol\u00edticas de inova\u00e7\u00e3o aberta. A sexta edi\u00e7\u00e3o do Gov in Play \u00e9 um convite \u00e0 participa\u00e7\u00e3o ativa de \u00f3rg\u00e3os p\u00fablicos e sociedade civil para repensar, em conjunto, novas formas de cuidar das pessoas. O evento aborda iniciativas transformadoras de inova\u00e7\u00e3o no setor p\u00fablico, em colabora\u00e7\u00e3o com a sociedade, academia, <i>startups <\/i>e Institutos de Ci\u00eancia e Tecnologia (ICTs).<\/span><\/p>\t\t\t\t\t\t\t\t<\/div>\n\t\t\t\t<\/div>\n\t\t\t\t\t<\/div>\n\t\t\t\t<\/div>\n\t\t<div class=\"elementor-element elementor-element-fd0d545 e-grid e-con-boxed e-con e-parent\" data-id=\"fd0d545\" data-element_type=\"container\" data-e-type=\"container\">\n\t\t\t\t\t<div class=\"e-con-inner\">\n\t\t\t\t<div class=\"elementor-element elementor-element-1234221 elementor-widget elementor-widget-image\" data-id=\"1234221\" data-element_type=\"widget\" data-e-type=\"widget\" data-widget_type=\"image.default\">\n\t\t\t\t<div class=\"elementor-widget-container\">\n\t\t\t\t\t\t\t\t\t\t\t\t\t\t\t<img fetchpriority=\"high\" decoding=\"async\" width=\"800\" height=\"534\" src=\"https:\/\/grupoaspas.com\/wp-content\/uploads\/2025\/07\/REC-298-de-513-1024x684.jpg\" class=\"attachment-large size-large wp-image-1399\" alt=\"\" srcset=\"https:\/\/grupoaspas.com\/wp-content\/uploads\/2025\/07\/REC-298-de-513-1024x684.jpg 1024w, https:\/\/grupoaspas.com\/wp-content\/uploads\/2025\/07\/REC-298-de-513-300x200.jpg 300w, https:\/\/grupoaspas.com\/wp-content\/uploads\/2025\/07\/REC-298-de-513-768x513.jpg 768w, https:\/\/grupoaspas.com\/wp-content\/uploads\/2025\/07\/REC-298-de-513-1536x1025.jpg 1536w, https:\/\/grupoaspas.com\/wp-content\/uploads\/2025\/07\/REC-298-de-513-2048x1367.jpg 2048w\" sizes=\"(max-width: 800px) 100vw, 800px\" \/>\t\t\t\t\t\t\t\t\t\t\t\t\t\t\t<\/div>\n\t\t\t\t<\/div>\n\t\t\t\t<div class=\"elementor-element elementor-element-2338cc2 elementor-widget elementor-widget-image\" data-id=\"2338cc2\" data-element_type=\"widget\" data-e-type=\"widget\" data-widget_type=\"image.default\">\n\t\t\t\t<div class=\"elementor-widget-container\">\n\t\t\t\t\t\t\t\t\t\t\t\t\t\t\t<img decoding=\"async\" src=\"https:\/\/grupoaspas.com\/wp-content\/uploads\/elementor\/thumbs\/REC-291-de-513-scaled-r8t7ywdzw2zjqpt66kw0kcxvahkbvzb9yzw5aozlkw.jpg\" title=\"govinplay2\" alt=\"govinplay2\" loading=\"lazy\" \/>\t\t\t\t\t\t\t\t\t\t\t\t\t\t\t<\/div>\n\t\t\t\t<\/div>\n\t\t\t\t\t<\/div>\n\t\t\t\t<\/div>\n\t\t\t\t<\/div>\n\t\t","protected":false},"excerpt":{"rendered":"<p>07 de Novembro de 2024 Gov in Play Audit\u00f3rio do Banco do Brasil, Recife, Brasil Gov in Play \u00e9 um encontro de inova\u00e7\u00e3o e tecnologia no setor p\u00fablico que fomenta a constru\u00e7\u00e3o de pol\u00edticas de inova\u00e7\u00e3o aberta. A sexta edi\u00e7\u00e3o do Gov in Play \u00e9 um convite \u00e0 participa\u00e7\u00e3o ativa de \u00f3rg\u00e3os p\u00fablicos e sociedade [&hellip;]<\/p>\n","protected":false},"author":2,"featured_media":1399,"comment_status":"open","ping_status":"open","sticky":false,"template":"","format":"standard","meta":{"_acf_changed":false,"footnotes":""},"categories":[42],"tags":[],"class_list":["post-1360","post","type-post","status-publish","format-standard","has-post-thumbnail","hentry","category-palestras"],"acf":[],"yoast_head":"<!-- This site is optimized with the Yoast SEO plugin v25.3 - https:\/\/yoast.com\/wordpress\/plugins\/seo\/ -->\n<title>Governan\u00e7a Respons\u00e1vel: Pol\u00edtica do Uso da IA Generativa no Tribunal de Contas do Estado de Pernambuco - ASPAS - Aspectos Sociot\u00e9cnicos em Plataformas de Software<\/title>\n<meta name=\"robots\" content=\"index, follow, max-snippet:-1, max-image-preview:large, max-video-preview:-1\" \/>\n<link rel=\"canonical\" href=\"https:\/\/grupoaspas.com\/?p=1360\" \/>\n<meta property=\"og:locale\" content=\"pt_BR\" \/>\n<meta property=\"og:type\" content=\"article\" \/>\n<meta property=\"og:title\" content=\"Governan\u00e7a Respons\u00e1vel: Pol\u00edtica do Uso da IA Generativa no Tribunal de Contas do Estado de Pernambuco - ASPAS - Aspectos Sociot\u00e9cnicos em Plataformas de Software\" \/>\n<meta property=\"og:description\" content=\"07 de Novembro de 2024 Gov in Play Audit\u00f3rio do Banco do Brasil, Recife, Brasil Gov in Play \u00e9 um encontro de inova\u00e7\u00e3o e tecnologia no setor p\u00fablico que fomenta a constru\u00e7\u00e3o de pol\u00edticas de inova\u00e7\u00e3o aberta. A sexta edi\u00e7\u00e3o do Gov in Play \u00e9 um convite \u00e0 participa\u00e7\u00e3o ativa de \u00f3rg\u00e3os p\u00fablicos e sociedade [&hellip;]\" \/>\n<meta property=\"og:url\" content=\"https:\/\/grupoaspas.com\/?p=1360\" \/>\n<meta property=\"og:site_name\" content=\"ASPAS - Aspectos Sociot\u00e9cnicos em Plataformas de Software\" \/>\n<meta property=\"article:published_time\" content=\"2024-11-07T19:53:39+00:00\" \/>\n<meta property=\"article:modified_time\" content=\"2025-07-16T14:05:34+00:00\" \/>\n<meta property=\"og:image\" content=\"https:\/\/grupoaspas.com\/wp-content\/uploads\/2025\/07\/REC-298-de-513-scaled.jpg\" \/>\n\t<meta property=\"og:image:width\" content=\"2560\" \/>\n\t<meta property=\"og:image:height\" content=\"1709\" \/>\n\t<meta property=\"og:image:type\" content=\"image\/jpeg\" \/>\n<meta name=\"author\" content=\"Carolina Neves\" \/>\n<meta name=\"twitter:card\" content=\"summary_large_image\" \/>\n<meta name=\"twitter:label1\" content=\"Escrito por\" \/>\n\t<meta name=\"twitter:data1\" content=\"Carolina Neves\" \/>\n\t<meta name=\"twitter:label2\" content=\"Est. tempo de leitura\" \/>\n\t<meta name=\"twitter:data2\" content=\"2 minutos\" \/>\n<script type=\"application\/ld+json\" class=\"yoast-schema-graph\">{\"@context\":\"https:\/\/schema.org\",\"@graph\":[{\"@type\":\"Article\",\"@id\":\"https:\/\/grupoaspas.com\/?p=1360#article\",\"isPartOf\":{\"@id\":\"https:\/\/grupoaspas.com\/?p=1360\"},\"author\":{\"name\":\"Carolina Neves\",\"@id\":\"https:\/\/grupoaspas.com\/#\/schema\/person\/c3affed9f98ac5cf5bd43c0ae2b08326\"},\"headline\":\"Governan\u00e7a Respons\u00e1vel: Pol\u00edtica do Uso da IA Generativa no Tribunal de Contas do Estado de Pernambuco\",\"datePublished\":\"2024-11-07T19:53:39+00:00\",\"dateModified\":\"2025-07-16T14:05:34+00:00\",\"mainEntityOfPage\":{\"@id\":\"https:\/\/grupoaspas.com\/?p=1360\"},\"wordCount\":118,\"commentCount\":0,\"publisher\":{\"@id\":\"https:\/\/grupoaspas.com\/#organization\"},\"image\":{\"@id\":\"https:\/\/grupoaspas.com\/?p=1360#primaryimage\"},\"thumbnailUrl\":\"https:\/\/grupoaspas.com\/wp-content\/uploads\/2025\/07\/REC-298-de-513-scaled.jpg\",\"articleSection\":[\"Palestras\"],\"inLanguage\":\"pt-BR\",\"potentialAction\":[{\"@type\":\"CommentAction\",\"name\":\"Comment\",\"target\":[\"https:\/\/grupoaspas.com\/?p=1360#respond\"]}]},{\"@type\":\"WebPage\",\"@id\":\"https:\/\/grupoaspas.com\/?p=1360\",\"url\":\"https:\/\/grupoaspas.com\/?p=1360\",\"name\":\"Governan\u00e7a Respons\u00e1vel: Pol\u00edtica do Uso da IA Generativa no Tribunal de Contas do Estado de Pernambuco - ASPAS - Aspectos Sociot\u00e9cnicos em Plataformas de Software\",\"isPartOf\":{\"@id\":\"https:\/\/grupoaspas.com\/#website\"},\"primaryImageOfPage\":{\"@id\":\"https:\/\/grupoaspas.com\/?p=1360#primaryimage\"},\"image\":{\"@id\":\"https:\/\/grupoaspas.com\/?p=1360#primaryimage\"},\"thumbnailUrl\":\"https:\/\/grupoaspas.com\/wp-content\/uploads\/2025\/07\/REC-298-de-513-scaled.jpg\",\"datePublished\":\"2024-11-07T19:53:39+00:00\",\"dateModified\":\"2025-07-16T14:05:34+00:00\",\"breadcrumb\":{\"@id\":\"https:\/\/grupoaspas.com\/?p=1360#breadcrumb\"},\"inLanguage\":\"pt-BR\",\"potentialAction\":[{\"@type\":\"ReadAction\",\"target\":[\"https:\/\/grupoaspas.com\/?p=1360\"]}]},{\"@type\":\"ImageObject\",\"inLanguage\":\"pt-BR\",\"@id\":\"https:\/\/grupoaspas.com\/?p=1360#primaryimage\",\"url\":\"https:\/\/grupoaspas.com\/wp-content\/uploads\/2025\/07\/REC-298-de-513-scaled.jpg\",\"contentUrl\":\"https:\/\/grupoaspas.com\/wp-content\/uploads\/2025\/07\/REC-298-de-513-scaled.jpg\",\"width\":2560,\"height\":1709},{\"@type\":\"BreadcrumbList\",\"@id\":\"https:\/\/grupoaspas.com\/?p=1360#breadcrumb\",\"itemListElement\":[{\"@type\":\"ListItem\",\"position\":1,\"name\":\"In\u00edcio\",\"item\":\"https:\/\/grupoaspas.com\/\"},{\"@type\":\"ListItem\",\"position\":2,\"name\":\"Governan\u00e7a Respons\u00e1vel: Pol\u00edtica do Uso da IA Generativa no Tribunal de Contas do Estado de Pernambuco\"}]},{\"@type\":\"WebSite\",\"@id\":\"https:\/\/grupoaspas.com\/#website\",\"url\":\"https:\/\/grupoaspas.com\/\",\"name\":\"Grupo ASPAS\",\"description\":\"Site do Grupo de Pesquisa de Aspectos Sociot\u00e9cnicos em Plataformas de Software da UFRPE\",\"publisher\":{\"@id\":\"https:\/\/grupoaspas.com\/#organization\"},\"alternateName\":\"ASPAS - Aspectos Sociot\u00e9cnicos em Plataformas de Software\",\"potentialAction\":[{\"@type\":\"SearchAction\",\"target\":{\"@type\":\"EntryPoint\",\"urlTemplate\":\"https:\/\/grupoaspas.com\/?s={search_term_string}\"},\"query-input\":{\"@type\":\"PropertyValueSpecification\",\"valueRequired\":true,\"valueName\":\"search_term_string\"}}],\"inLanguage\":\"pt-BR\"},{\"@type\":\"Organization\",\"@id\":\"https:\/\/grupoaspas.com\/#organization\",\"name\":\"ASPAS - Aspectos Sociot\u00e9cnicos em Plataformas de Software\",\"url\":\"https:\/\/grupoaspas.com\/\",\"logo\":{\"@type\":\"ImageObject\",\"inLanguage\":\"pt-BR\",\"@id\":\"https:\/\/grupoaspas.com\/#\/schema\/logo\/image\/\",\"url\":\"https:\/\/grupoaspas.com\/wp-content\/uploads\/2025\/03\/cropped-Frame-337.png\",\"contentUrl\":\"https:\/\/grupoaspas.com\/wp-content\/uploads\/2025\/03\/cropped-Frame-337.png\",\"width\":319,\"height\":88,\"caption\":\"ASPAS - Aspectos Sociot\u00e9cnicos em Plataformas de Software\"},\"image\":{\"@id\":\"https:\/\/grupoaspas.com\/#\/schema\/logo\/image\/\"}},{\"@type\":\"Person\",\"@id\":\"https:\/\/grupoaspas.com\/#\/schema\/person\/c3affed9f98ac5cf5bd43c0ae2b08326\",\"name\":\"Carolina Neves\",\"image\":{\"@type\":\"ImageObject\",\"inLanguage\":\"pt-BR\",\"@id\":\"https:\/\/grupoaspas.com\/#\/schema\/person\/image\/\",\"url\":\"https:\/\/secure.gravatar.com\/avatar\/22da7d53b24e43b86a5b34b3bd412106?s=96&d=mm&r=g\",\"contentUrl\":\"https:\/\/secure.gravatar.com\/avatar\/22da7d53b24e43b86a5b34b3bd412106?s=96&d=mm&r=g\",\"caption\":\"Carolina Neves\"},\"url\":\"https:\/\/grupoaspas.com\/?author=2\"}]}<\/script>\n<!-- \/ Yoast SEO plugin. -->","yoast_head_json":{"title":"Governan\u00e7a Respons\u00e1vel: Pol\u00edtica do Uso da IA Generativa no Tribunal de Contas do Estado de Pernambuco - ASPAS - Aspectos Sociot\u00e9cnicos em Plataformas de Software","robots":{"index":"index","follow":"follow","max-snippet":"max-snippet:-1","max-image-preview":"max-image-preview:large","max-video-preview":"max-video-preview:-1"},"canonical":"https:\/\/grupoaspas.com\/?p=1360","og_locale":"pt_BR","og_type":"article","og_title":"Governan\u00e7a Respons\u00e1vel: Pol\u00edtica do Uso da IA Generativa no Tribunal de Contas do Estado de Pernambuco - ASPAS - Aspectos Sociot\u00e9cnicos em Plataformas de Software","og_description":"07 de Novembro de 2024 Gov in Play Audit\u00f3rio do Banco do Brasil, Recife, Brasil Gov in Play \u00e9 um encontro de inova\u00e7\u00e3o e tecnologia no setor p\u00fablico que fomenta a constru\u00e7\u00e3o de pol\u00edticas de inova\u00e7\u00e3o aberta. A sexta edi\u00e7\u00e3o do Gov in Play \u00e9 um convite \u00e0 participa\u00e7\u00e3o ativa de \u00f3rg\u00e3os p\u00fablicos e sociedade [&hellip;]","og_url":"https:\/\/grupoaspas.com\/?p=1360","og_site_name":"ASPAS - Aspectos Sociot\u00e9cnicos em Plataformas de Software","article_published_time":"2024-11-07T19:53:39+00:00","article_modified_time":"2025-07-16T14:05:34+00:00","og_image":[{"width":2560,"height":1709,"url":"https:\/\/grupoaspas.com\/wp-content\/uploads\/2025\/07\/REC-298-de-513-scaled.jpg","type":"image\/jpeg"}],"author":"Carolina Neves","twitter_card":"summary_large_image","twitter_misc":{"Escrito por":"Carolina Neves","Est. tempo de leitura":"2 minutos"},"schema":{"@context":"https:\/\/schema.org","@graph":[{"@type":"Article","@id":"https:\/\/grupoaspas.com\/?p=1360#article","isPartOf":{"@id":"https:\/\/grupoaspas.com\/?p=1360"},"author":{"name":"Carolina Neves","@id":"https:\/\/grupoaspas.com\/#\/schema\/person\/c3affed9f98ac5cf5bd43c0ae2b08326"},"headline":"Governan\u00e7a Respons\u00e1vel: Pol\u00edtica do Uso da IA Generativa no Tribunal de Contas do Estado de Pernambuco","datePublished":"2024-11-07T19:53:39+00:00","dateModified":"2025-07-16T14:05:34+00:00","mainEntityOfPage":{"@id":"https:\/\/grupoaspas.com\/?p=1360"},"wordCount":118,"commentCount":0,"publisher":{"@id":"https:\/\/grupoaspas.com\/#organization"},"image":{"@id":"https:\/\/grupoaspas.com\/?p=1360#primaryimage"},"thumbnailUrl":"https:\/\/grupoaspas.com\/wp-content\/uploads\/2025\/07\/REC-298-de-513-scaled.jpg","articleSection":["Palestras"],"inLanguage":"pt-BR","potentialAction":[{"@type":"CommentAction","name":"Comment","target":["https:\/\/grupoaspas.com\/?p=1360#respond"]}]},{"@type":"WebPage","@id":"https:\/\/grupoaspas.com\/?p=1360","url":"https:\/\/grupoaspas.com\/?p=1360","name":"Governan\u00e7a Respons\u00e1vel: Pol\u00edtica do Uso da IA Generativa no Tribunal de Contas do Estado de Pernambuco - ASPAS - Aspectos Sociot\u00e9cnicos em Plataformas de Software","isPartOf":{"@id":"https:\/\/grupoaspas.com\/#website"},"primaryImageOfPage":{"@id":"https:\/\/grupoaspas.com\/?p=1360#primaryimage"},"image":{"@id":"https:\/\/grupoaspas.com\/?p=1360#primaryimage"},"thumbnailUrl":"https:\/\/grupoaspas.com\/wp-content\/uploads\/2025\/07\/REC-298-de-513-scaled.jpg","datePublished":"2024-11-07T19:53:39+00:00","dateModified":"2025-07-16T14:05:34+00:00","breadcrumb":{"@id":"https:\/\/grupoaspas.com\/?p=1360#breadcrumb"},"inLanguage":"pt-BR","potentialAction":[{"@type":"ReadAction","target":["https:\/\/grupoaspas.com\/?p=1360"]}]},{"@type":"ImageObject","inLanguage":"pt-BR","@id":"https:\/\/grupoaspas.com\/?p=1360#primaryimage","url":"https:\/\/grupoaspas.com\/wp-content\/uploads\/2025\/07\/REC-298-de-513-scaled.jpg","contentUrl":"https:\/\/grupoaspas.com\/wp-content\/uploads\/2025\/07\/REC-298-de-513-scaled.jpg","width":2560,"height":1709},{"@type":"BreadcrumbList","@id":"https:\/\/grupoaspas.com\/?p=1360#breadcrumb","itemListElement":[{"@type":"ListItem","position":1,"name":"In\u00edcio","item":"https:\/\/grupoaspas.com\/"},{"@type":"ListItem","position":2,"name":"Governan\u00e7a Respons\u00e1vel: Pol\u00edtica do Uso da IA Generativa no Tribunal de Contas do Estado de Pernambuco"}]},{"@type":"WebSite","@id":"https:\/\/grupoaspas.com\/#website","url":"https:\/\/grupoaspas.com\/","name":"Grupo ASPAS","description":"Site do Grupo de Pesquisa de Aspectos Sociot\u00e9cnicos em Plataformas de Software da UFRPE","publisher":{"@id":"https:\/\/grupoaspas.com\/#organization"},"alternateName":"ASPAS - Aspectos Sociot\u00e9cnicos em Plataformas de Software","potentialAction":[{"@type":"SearchAction","target":{"@type":"EntryPoint","urlTemplate":"https:\/\/grupoaspas.com\/?s={search_term_string}"},"query-input":{"@type":"PropertyValueSpecification","valueRequired":true,"valueName":"search_term_string"}}],"inLanguage":"pt-BR"},{"@type":"Organization","@id":"https:\/\/grupoaspas.com\/#organization","name":"ASPAS - Aspectos Sociot\u00e9cnicos em Plataformas de Software","url":"https:\/\/grupoaspas.com\/","logo":{"@type":"ImageObject","inLanguage":"pt-BR","@id":"https:\/\/grupoaspas.com\/#\/schema\/logo\/image\/","url":"https:\/\/grupoaspas.com\/wp-content\/uploads\/2025\/03\/cropped-Frame-337.png","contentUrl":"https:\/\/grupoaspas.com\/wp-content\/uploads\/2025\/03\/cropped-Frame-337.png","width":319,"height":88,"caption":"ASPAS - Aspectos Sociot\u00e9cnicos em Plataformas de Software"},"image":{"@id":"https:\/\/grupoaspas.com\/#\/schema\/logo\/image\/"}},{"@type":"Person","@id":"https:\/\/grupoaspas.com\/#\/schema\/person\/c3affed9f98ac5cf5bd43c0ae2b08326","name":"Carolina Neves","image":{"@type":"ImageObject","inLanguage":"pt-BR","@id":"https:\/\/grupoaspas.com\/#\/schema\/person\/image\/","url":"https:\/\/secure.gravatar.com\/avatar\/22da7d53b24e43b86a5b34b3bd412106?s=96&d=mm&r=g","contentUrl":"https:\/\/secure.gravatar.com\/avatar\/22da7d53b24e43b86a5b34b3bd412106?s=96&d=mm&r=g","caption":"Carolina Neves"},"url":"https:\/\/grupoaspas.com\/?author=2"}]}},"_links":{"self":[{"href":"https:\/\/grupoaspas.com\/index.php?rest_route=\/wp\/v2\/posts\/1360","targetHints":{"allow":["GET"]}}],"collection":[{"href":"https:\/\/grupoaspas.com\/index.php?rest_route=\/wp\/v2\/posts"}],"about":[{"href":"https:\/\/grupoaspas.com\/index.php?rest_route=\/wp\/v2\/types\/post"}],"author":[{"embeddable":true,"href":"https:\/\/grupoaspas.com\/index.php?rest_route=\/wp\/v2\/users\/2"}],"replies":[{"embeddable":true,"href":"https:\/\/grupoaspas.com\/index.php?rest_route=%2Fwp%2Fv2%2Fcomments&post=1360"}],"version-history":[{"count":7,"href":"https:\/\/grupoaspas.com\/index.php?rest_route=\/wp\/v2\/posts\/1360\/revisions"}],"predecessor-version":[{"id":1404,"href":"https:\/\/grupoaspas.com\/index.php?rest_route=\/wp\/v2\/posts\/1360\/revisions\/1404"}],"wp:featuredmedia":[{"embeddable":true,"href":"https:\/\/grupoaspas.com\/index.php?rest_route=\/wp\/v2\/media\/1399"}],"wp:attachment":[{"href":"https:\/\/grupoaspas.com\/index.php?rest_route=%2Fwp%2Fv2%2Fmedia&parent=1360"}],"wp:term":[{"taxonomy":"category","embeddable":true,"href":"https:\/\/grupoaspas.com\/index.php?rest_route=%2Fwp%2Fv2%2Fcategories&post=1360"},{"taxonomy":"post_tag","embeddable":true,"href":"https:\/\/grupoaspas.com\/index.php?rest_route=%2Fwp%2Fv2%2Ftags&post=1360"}],"curies":[{"name":"wp","href":"https:\/\/api.w.org\/{rel}","templated":true}]}}