{"id":1251,"date":"2024-02-20T08:52:25","date_gmt":"2024-02-20T11:52:25","guid":{"rendered":"https:\/\/grupoaspas.com\/?p=1251"},"modified":"2025-07-16T11:01:42","modified_gmt":"2025-07-16T14:01:42","slug":"apertem-os-cintos-a-inovacao-saiu-dos-trilhos","status":"publish","type":"post","link":"https:\/\/grupoaspas.com\/?p=1251","title":{"rendered":"Apertem os cintos! A inova\u00e7\u00e3o saiu dos trilhos?"},"content":{"rendered":"\t\t<div data-elementor-type=\"wp-post\" data-elementor-id=\"1251\" class=\"elementor elementor-1251\" data-elementor-post-type=\"post\">\n\t\t\t\t<div class=\"elementor-element elementor-element-b57cc38 e-flex e-con-boxed e-con e-parent\" data-id=\"b57cc38\" data-element_type=\"container\" data-e-type=\"container\">\n\t\t\t\t\t<div class=\"e-con-inner\">\n\t\t\t\t<div class=\"elementor-element elementor-element-8d9cf80 elementor-widget elementor-widget-text-editor\" data-id=\"8d9cf80\" data-element_type=\"widget\" data-e-type=\"widget\" data-widget_type=\"text-editor.default\">\n\t\t\t\t<div class=\"elementor-widget-container\">\n\t\t\t\t\t\t\t\t\t<p>Nos dias 20 e 21 de Fevereiro 2024 foi realizado na Escola Judicial de Pernambuco (Esmape), o \u00a0<a href=\"https:\/\/portal.tjpe.jus.br\/web\/escolajudicial\/noticias\/-\/asset_publisher\/HLaml59wsbjC\/content\/festival-crie-2024\"><b>Festival &#8220;Crie 2024: Compreender o Passado. Intervir no Presente. Desenhar o Futuro&#8221;<\/b><\/a>. O evento cient\u00edfico foi aberto pela desembargadora Daisy Andrade, vice-diretora-geral da Esmape, representando o diretor-geral, desembargador Jorge Am\u00e9rico Pereira de Lira. \u00c9 realizado pelo Instituto de Inova\u00e7\u00f5es Aplicadas (Ideias), coordenado pelo juiz Jos\u00e9 Faustino Mac\u00eado, reunindo magistrados(as) e servidores(as) do TJPE, al\u00e9m de p\u00fablico externo. Foram dois dias de palestras e oficinas voltadas a cultura de inova\u00e7\u00e3o, criatividade e empreendedorismo no setor p\u00fablico.<\/p>\t\t\t\t\t\t\t\t<\/div>\n\t\t\t\t<\/div>\n\t\t\t\t\t<\/div>\n\t\t\t\t<\/div>\n\t\t<div class=\"elementor-element elementor-element-568f364 e-grid e-con-boxed e-con e-parent\" data-id=\"568f364\" data-element_type=\"container\" data-e-type=\"container\">\n\t\t\t\t\t<div class=\"e-con-inner\">\n\t\t\t\t<div class=\"elementor-element elementor-element-3173b72 elementor-widget elementor-widget-image\" data-id=\"3173b72\" data-element_type=\"widget\" data-e-type=\"widget\" data-widget_type=\"image.default\">\n\t\t\t\t<div class=\"elementor-widget-container\">\n\t\t\t\t\t\t\t\t\t\t\t\t\t\t\t<img fetchpriority=\"high\" decoding=\"async\" width=\"800\" height=\"534\" src=\"https:\/\/grupoaspas.com\/wp-content\/uploads\/2025\/07\/Jairo-Lima-1648-1024x684.jpg\" class=\"attachment-large size-large wp-image-1220\" alt=\"\" srcset=\"https:\/\/grupoaspas.com\/wp-content\/uploads\/2025\/07\/Jairo-Lima-1648-1024x684.jpg 1024w, https:\/\/grupoaspas.com\/wp-content\/uploads\/2025\/07\/Jairo-Lima-1648-300x200.jpg 300w, https:\/\/grupoaspas.com\/wp-content\/uploads\/2025\/07\/Jairo-Lima-1648-768x513.jpg 768w, https:\/\/grupoaspas.com\/wp-content\/uploads\/2025\/07\/Jairo-Lima-1648-1536x1026.jpg 1536w, https:\/\/grupoaspas.com\/wp-content\/uploads\/2025\/07\/Jairo-Lima-1648-2048x1368.jpg 2048w\" sizes=\"(max-width: 800px) 100vw, 800px\" \/>\t\t\t\t\t\t\t\t\t\t\t\t\t\t\t<\/div>\n\t\t\t\t<\/div>\n\t\t\t\t<div class=\"elementor-element elementor-element-546aec8 elementor-widget elementor-widget-image\" data-id=\"546aec8\" data-element_type=\"widget\" data-e-type=\"widget\" data-widget_type=\"image.default\">\n\t\t\t\t<div class=\"elementor-widget-container\">\n\t\t\t\t\t\t\t\t\t\t\t\t\t\t\t<img decoding=\"async\" width=\"750\" height=\"500\" src=\"https:\/\/grupoaspas.com\/wp-content\/uploads\/2025\/07\/Festival-CRIE-Materia-02-20.02.2024.png\" class=\"attachment-large size-large wp-image-1216\" alt=\"Festival CRIE 2024\" srcset=\"https:\/\/grupoaspas.com\/wp-content\/uploads\/2025\/07\/Festival-CRIE-Materia-02-20.02.2024.png 750w, https:\/\/grupoaspas.com\/wp-content\/uploads\/2025\/07\/Festival-CRIE-Materia-02-20.02.2024-300x200.png 300w\" sizes=\"(max-width: 750px) 100vw, 750px\" \/>\t\t\t\t\t\t\t\t\t\t\t\t\t\t\t<\/div>\n\t\t\t\t<\/div>\n\t\t\t\t\t<\/div>\n\t\t\t\t<\/div>\n\t\t\t\t<\/div>\n\t\t","protected":false},"excerpt":{"rendered":"<p>Nos dias 20 e 21 de Fevereiro 2024 foi realizado na Escola Judicial de Pernambuco (Esmape), o \u00a0Festival &#8220;Crie 2024: Compreender o Passado. Intervir no Presente. Desenhar o Futuro&#8221;. O evento cient\u00edfico foi aberto pela desembargadora Daisy Andrade, vice-diretora-geral da Esmape, representando o diretor-geral, desembargador Jorge Am\u00e9rico Pereira de Lira. \u00c9 realizado pelo Instituto de [&hellip;]<\/p>\n","protected":false},"author":2,"featured_media":1220,"comment_status":"open","ping_status":"open","sticky":false,"template":"","format":"standard","meta":{"_acf_changed":false,"footnotes":""},"categories":[42],"tags":[],"class_list":["post-1251","post","type-post","status-publish","format-standard","has-post-thumbnail","hentry","category-palestras"],"acf":[],"yoast_head":"<!-- This site is optimized with the Yoast SEO plugin v25.3 - https:\/\/yoast.com\/wordpress\/plugins\/seo\/ -->\n<title>Apertem os cintos! A inova\u00e7\u00e3o saiu dos trilhos? - ASPAS - Aspectos Sociot\u00e9cnicos em Plataformas de Software<\/title>\n<meta name=\"robots\" content=\"index, follow, max-snippet:-1, max-image-preview:large, max-video-preview:-1\" \/>\n<link rel=\"canonical\" href=\"https:\/\/grupoaspas.com\/?p=1251\" \/>\n<meta property=\"og:locale\" content=\"pt_BR\" \/>\n<meta property=\"og:type\" content=\"article\" \/>\n<meta property=\"og:title\" content=\"Apertem os cintos! A inova\u00e7\u00e3o saiu dos trilhos? - ASPAS - Aspectos Sociot\u00e9cnicos em Plataformas de Software\" \/>\n<meta property=\"og:description\" content=\"Nos dias 20 e 21 de Fevereiro 2024 foi realizado na Escola Judicial de Pernambuco (Esmape), o \u00a0Festival &#8220;Crie 2024: Compreender o Passado. Intervir no Presente. Desenhar o Futuro&#8221;. O evento cient\u00edfico foi aberto pela desembargadora Daisy Andrade, vice-diretora-geral da Esmape, representando o diretor-geral, desembargador Jorge Am\u00e9rico Pereira de Lira. \u00c9 realizado pelo Instituto de [&hellip;]\" \/>\n<meta property=\"og:url\" content=\"https:\/\/grupoaspas.com\/?p=1251\" \/>\n<meta property=\"og:site_name\" content=\"ASPAS - Aspectos Sociot\u00e9cnicos em Plataformas de Software\" \/>\n<meta property=\"article:published_time\" content=\"2024-02-20T11:52:25+00:00\" \/>\n<meta property=\"article:modified_time\" content=\"2025-07-16T14:01:42+00:00\" \/>\n<meta property=\"og:image\" content=\"https:\/\/grupoaspas.com\/wp-content\/uploads\/2025\/07\/Jairo-Lima-1648.jpg\" \/>\n\t<meta property=\"og:image:width\" content=\"2456\" \/>\n\t<meta property=\"og:image:height\" content=\"1640\" \/>\n\t<meta property=\"og:image:type\" content=\"image\/jpeg\" \/>\n<meta name=\"author\" content=\"Carolina Neves\" \/>\n<meta name=\"twitter:card\" content=\"summary_large_image\" \/>\n<meta name=\"twitter:label1\" content=\"Escrito por\" \/>\n\t<meta name=\"twitter:data1\" content=\"Carolina Neves\" \/>\n\t<meta name=\"twitter:label2\" content=\"Est. tempo de leitura\" \/>\n\t<meta name=\"twitter:data2\" content=\"1 minuto\" \/>\n<script type=\"application\/ld+json\" class=\"yoast-schema-graph\">{\"@context\":\"https:\/\/schema.org\",\"@graph\":[{\"@type\":\"Article\",\"@id\":\"https:\/\/grupoaspas.com\/?p=1251#article\",\"isPartOf\":{\"@id\":\"https:\/\/grupoaspas.com\/?p=1251\"},\"author\":{\"name\":\"Carolina Neves\",\"@id\":\"https:\/\/grupoaspas.com\/#\/schema\/person\/c3affed9f98ac5cf5bd43c0ae2b08326\"},\"headline\":\"Apertem os cintos! A inova\u00e7\u00e3o saiu dos trilhos?\",\"datePublished\":\"2024-02-20T11:52:25+00:00\",\"dateModified\":\"2025-07-16T14:01:42+00:00\",\"mainEntityOfPage\":{\"@id\":\"https:\/\/grupoaspas.com\/?p=1251\"},\"wordCount\":106,\"commentCount\":0,\"publisher\":{\"@id\":\"https:\/\/grupoaspas.com\/#organization\"},\"image\":{\"@id\":\"https:\/\/grupoaspas.com\/?p=1251#primaryimage\"},\"thumbnailUrl\":\"https:\/\/grupoaspas.com\/wp-content\/uploads\/2025\/07\/Jairo-Lima-1648.jpg\",\"articleSection\":[\"Palestras\"],\"inLanguage\":\"pt-BR\",\"potentialAction\":[{\"@type\":\"CommentAction\",\"name\":\"Comment\",\"target\":[\"https:\/\/grupoaspas.com\/?p=1251#respond\"]}]},{\"@type\":\"WebPage\",\"@id\":\"https:\/\/grupoaspas.com\/?p=1251\",\"url\":\"https:\/\/grupoaspas.com\/?p=1251\",\"name\":\"Apertem os cintos! A inova\u00e7\u00e3o saiu dos trilhos? - ASPAS - Aspectos Sociot\u00e9cnicos em Plataformas de Software\",\"isPartOf\":{\"@id\":\"https:\/\/grupoaspas.com\/#website\"},\"primaryImageOfPage\":{\"@id\":\"https:\/\/grupoaspas.com\/?p=1251#primaryimage\"},\"image\":{\"@id\":\"https:\/\/grupoaspas.com\/?p=1251#primaryimage\"},\"thumbnailUrl\":\"https:\/\/grupoaspas.com\/wp-content\/uploads\/2025\/07\/Jairo-Lima-1648.jpg\",\"datePublished\":\"2024-02-20T11:52:25+00:00\",\"dateModified\":\"2025-07-16T14:01:42+00:00\",\"breadcrumb\":{\"@id\":\"https:\/\/grupoaspas.com\/?p=1251#breadcrumb\"},\"inLanguage\":\"pt-BR\",\"potentialAction\":[{\"@type\":\"ReadAction\",\"target\":[\"https:\/\/grupoaspas.com\/?p=1251\"]}]},{\"@type\":\"ImageObject\",\"inLanguage\":\"pt-BR\",\"@id\":\"https:\/\/grupoaspas.com\/?p=1251#primaryimage\",\"url\":\"https:\/\/grupoaspas.com\/wp-content\/uploads\/2025\/07\/Jairo-Lima-1648.jpg\",\"contentUrl\":\"https:\/\/grupoaspas.com\/wp-content\/uploads\/2025\/07\/Jairo-Lima-1648.jpg\",\"width\":2456,\"height\":1640},{\"@type\":\"BreadcrumbList\",\"@id\":\"https:\/\/grupoaspas.com\/?p=1251#breadcrumb\",\"itemListElement\":[{\"@type\":\"ListItem\",\"position\":1,\"name\":\"In\u00edcio\",\"item\":\"https:\/\/grupoaspas.com\/\"},{\"@type\":\"ListItem\",\"position\":2,\"name\":\"Apertem os cintos! A inova\u00e7\u00e3o saiu dos trilhos?\"}]},{\"@type\":\"WebSite\",\"@id\":\"https:\/\/grupoaspas.com\/#website\",\"url\":\"https:\/\/grupoaspas.com\/\",\"name\":\"Grupo ASPAS\",\"description\":\"Site do Grupo de Pesquisa de Aspectos Sociot\u00e9cnicos em Plataformas de Software da UFRPE\",\"publisher\":{\"@id\":\"https:\/\/grupoaspas.com\/#organization\"},\"alternateName\":\"ASPAS - Aspectos Sociot\u00e9cnicos em Plataformas de Software\",\"potentialAction\":[{\"@type\":\"SearchAction\",\"target\":{\"@type\":\"EntryPoint\",\"urlTemplate\":\"https:\/\/grupoaspas.com\/?s={search_term_string}\"},\"query-input\":{\"@type\":\"PropertyValueSpecification\",\"valueRequired\":true,\"valueName\":\"search_term_string\"}}],\"inLanguage\":\"pt-BR\"},{\"@type\":\"Organization\",\"@id\":\"https:\/\/grupoaspas.com\/#organization\",\"name\":\"ASPAS - Aspectos Sociot\u00e9cnicos em Plataformas de Software\",\"url\":\"https:\/\/grupoaspas.com\/\",\"logo\":{\"@type\":\"ImageObject\",\"inLanguage\":\"pt-BR\",\"@id\":\"https:\/\/grupoaspas.com\/#\/schema\/logo\/image\/\",\"url\":\"https:\/\/grupoaspas.com\/wp-content\/uploads\/2025\/03\/cropped-Frame-337.png\",\"contentUrl\":\"https:\/\/grupoaspas.com\/wp-content\/uploads\/2025\/03\/cropped-Frame-337.png\",\"width\":319,\"height\":88,\"caption\":\"ASPAS - Aspectos Sociot\u00e9cnicos em Plataformas de Software\"},\"image\":{\"@id\":\"https:\/\/grupoaspas.com\/#\/schema\/logo\/image\/\"}},{\"@type\":\"Person\",\"@id\":\"https:\/\/grupoaspas.com\/#\/schema\/person\/c3affed9f98ac5cf5bd43c0ae2b08326\",\"name\":\"Carolina Neves\",\"image\":{\"@type\":\"ImageObject\",\"inLanguage\":\"pt-BR\",\"@id\":\"https:\/\/grupoaspas.com\/#\/schema\/person\/image\/\",\"url\":\"https:\/\/secure.gravatar.com\/avatar\/22da7d53b24e43b86a5b34b3bd412106?s=96&d=mm&r=g\",\"contentUrl\":\"https:\/\/secure.gravatar.com\/avatar\/22da7d53b24e43b86a5b34b3bd412106?s=96&d=mm&r=g\",\"caption\":\"Carolina Neves\"},\"url\":\"https:\/\/grupoaspas.com\/?author=2\"}]}<\/script>\n<!-- \/ Yoast SEO plugin. -->","yoast_head_json":{"title":"Apertem os cintos! A inova\u00e7\u00e3o saiu dos trilhos? - ASPAS - Aspectos Sociot\u00e9cnicos em Plataformas de Software","robots":{"index":"index","follow":"follow","max-snippet":"max-snippet:-1","max-image-preview":"max-image-preview:large","max-video-preview":"max-video-preview:-1"},"canonical":"https:\/\/grupoaspas.com\/?p=1251","og_locale":"pt_BR","og_type":"article","og_title":"Apertem os cintos! A inova\u00e7\u00e3o saiu dos trilhos? - ASPAS - Aspectos Sociot\u00e9cnicos em Plataformas de Software","og_description":"Nos dias 20 e 21 de Fevereiro 2024 foi realizado na Escola Judicial de Pernambuco (Esmape), o \u00a0Festival &#8220;Crie 2024: Compreender o Passado. Intervir no Presente. Desenhar o Futuro&#8221;. O evento cient\u00edfico foi aberto pela desembargadora Daisy Andrade, vice-diretora-geral da Esmape, representando o diretor-geral, desembargador Jorge Am\u00e9rico Pereira de Lira. \u00c9 realizado pelo Instituto de [&hellip;]","og_url":"https:\/\/grupoaspas.com\/?p=1251","og_site_name":"ASPAS - Aspectos Sociot\u00e9cnicos em Plataformas de Software","article_published_time":"2024-02-20T11:52:25+00:00","article_modified_time":"2025-07-16T14:01:42+00:00","og_image":[{"width":2456,"height":1640,"url":"https:\/\/grupoaspas.com\/wp-content\/uploads\/2025\/07\/Jairo-Lima-1648.jpg","type":"image\/jpeg"}],"author":"Carolina Neves","twitter_card":"summary_large_image","twitter_misc":{"Escrito por":"Carolina Neves","Est. tempo de leitura":"1 minuto"},"schema":{"@context":"https:\/\/schema.org","@graph":[{"@type":"Article","@id":"https:\/\/grupoaspas.com\/?p=1251#article","isPartOf":{"@id":"https:\/\/grupoaspas.com\/?p=1251"},"author":{"name":"Carolina Neves","@id":"https:\/\/grupoaspas.com\/#\/schema\/person\/c3affed9f98ac5cf5bd43c0ae2b08326"},"headline":"Apertem os cintos! A inova\u00e7\u00e3o saiu dos trilhos?","datePublished":"2024-02-20T11:52:25+00:00","dateModified":"2025-07-16T14:01:42+00:00","mainEntityOfPage":{"@id":"https:\/\/grupoaspas.com\/?p=1251"},"wordCount":106,"commentCount":0,"publisher":{"@id":"https:\/\/grupoaspas.com\/#organization"},"image":{"@id":"https:\/\/grupoaspas.com\/?p=1251#primaryimage"},"thumbnailUrl":"https:\/\/grupoaspas.com\/wp-content\/uploads\/2025\/07\/Jairo-Lima-1648.jpg","articleSection":["Palestras"],"inLanguage":"pt-BR","potentialAction":[{"@type":"CommentAction","name":"Comment","target":["https:\/\/grupoaspas.com\/?p=1251#respond"]}]},{"@type":"WebPage","@id":"https:\/\/grupoaspas.com\/?p=1251","url":"https:\/\/grupoaspas.com\/?p=1251","name":"Apertem os cintos! A inova\u00e7\u00e3o saiu dos trilhos? - ASPAS - Aspectos Sociot\u00e9cnicos em Plataformas de Software","isPartOf":{"@id":"https:\/\/grupoaspas.com\/#website"},"primaryImageOfPage":{"@id":"https:\/\/grupoaspas.com\/?p=1251#primaryimage"},"image":{"@id":"https:\/\/grupoaspas.com\/?p=1251#primaryimage"},"thumbnailUrl":"https:\/\/grupoaspas.com\/wp-content\/uploads\/2025\/07\/Jairo-Lima-1648.jpg","datePublished":"2024-02-20T11:52:25+00:00","dateModified":"2025-07-16T14:01:42+00:00","breadcrumb":{"@id":"https:\/\/grupoaspas.com\/?p=1251#breadcrumb"},"inLanguage":"pt-BR","potentialAction":[{"@type":"ReadAction","target":["https:\/\/grupoaspas.com\/?p=1251"]}]},{"@type":"ImageObject","inLanguage":"pt-BR","@id":"https:\/\/grupoaspas.com\/?p=1251#primaryimage","url":"https:\/\/grupoaspas.com\/wp-content\/uploads\/2025\/07\/Jairo-Lima-1648.jpg","contentUrl":"https:\/\/grupoaspas.com\/wp-content\/uploads\/2025\/07\/Jairo-Lima-1648.jpg","width":2456,"height":1640},{"@type":"BreadcrumbList","@id":"https:\/\/grupoaspas.com\/?p=1251#breadcrumb","itemListElement":[{"@type":"ListItem","position":1,"name":"In\u00edcio","item":"https:\/\/grupoaspas.com\/"},{"@type":"ListItem","position":2,"name":"Apertem os cintos! A inova\u00e7\u00e3o saiu dos trilhos?"}]},{"@type":"WebSite","@id":"https:\/\/grupoaspas.com\/#website","url":"https:\/\/grupoaspas.com\/","name":"Grupo ASPAS","description":"Site do Grupo de Pesquisa de Aspectos Sociot\u00e9cnicos em Plataformas de Software da UFRPE","publisher":{"@id":"https:\/\/grupoaspas.com\/#organization"},"alternateName":"ASPAS - Aspectos Sociot\u00e9cnicos em Plataformas de Software","potentialAction":[{"@type":"SearchAction","target":{"@type":"EntryPoint","urlTemplate":"https:\/\/grupoaspas.com\/?s={search_term_string}"},"query-input":{"@type":"PropertyValueSpecification","valueRequired":true,"valueName":"search_term_string"}}],"inLanguage":"pt-BR"},{"@type":"Organization","@id":"https:\/\/grupoaspas.com\/#organization","name":"ASPAS - Aspectos Sociot\u00e9cnicos em Plataformas de Software","url":"https:\/\/grupoaspas.com\/","logo":{"@type":"ImageObject","inLanguage":"pt-BR","@id":"https:\/\/grupoaspas.com\/#\/schema\/logo\/image\/","url":"https:\/\/grupoaspas.com\/wp-content\/uploads\/2025\/03\/cropped-Frame-337.png","contentUrl":"https:\/\/grupoaspas.com\/wp-content\/uploads\/2025\/03\/cropped-Frame-337.png","width":319,"height":88,"caption":"ASPAS - Aspectos Sociot\u00e9cnicos em Plataformas de Software"},"image":{"@id":"https:\/\/grupoaspas.com\/#\/schema\/logo\/image\/"}},{"@type":"Person","@id":"https:\/\/grupoaspas.com\/#\/schema\/person\/c3affed9f98ac5cf5bd43c0ae2b08326","name":"Carolina Neves","image":{"@type":"ImageObject","inLanguage":"pt-BR","@id":"https:\/\/grupoaspas.com\/#\/schema\/person\/image\/","url":"https:\/\/secure.gravatar.com\/avatar\/22da7d53b24e43b86a5b34b3bd412106?s=96&d=mm&r=g","contentUrl":"https:\/\/secure.gravatar.com\/avatar\/22da7d53b24e43b86a5b34b3bd412106?s=96&d=mm&r=g","caption":"Carolina Neves"},"url":"https:\/\/grupoaspas.com\/?author=2"}]}},"_links":{"self":[{"href":"https:\/\/grupoaspas.com\/index.php?rest_route=\/wp\/v2\/posts\/1251","targetHints":{"allow":["GET"]}}],"collection":[{"href":"https:\/\/grupoaspas.com\/index.php?rest_route=\/wp\/v2\/posts"}],"about":[{"href":"https:\/\/grupoaspas.com\/index.php?rest_route=\/wp\/v2\/types\/post"}],"author":[{"embeddable":true,"href":"https:\/\/grupoaspas.com\/index.php?rest_route=\/wp\/v2\/users\/2"}],"replies":[{"embeddable":true,"href":"https:\/\/grupoaspas.com\/index.php?rest_route=%2Fwp%2Fv2%2Fcomments&post=1251"}],"version-history":[{"count":32,"href":"https:\/\/grupoaspas.com\/index.php?rest_route=\/wp\/v2\/posts\/1251\/revisions"}],"predecessor-version":[{"id":1300,"href":"https:\/\/grupoaspas.com\/index.php?rest_route=\/wp\/v2\/posts\/1251\/revisions\/1300"}],"wp:featuredmedia":[{"embeddable":true,"href":"https:\/\/grupoaspas.com\/index.php?rest_route=\/wp\/v2\/media\/1220"}],"wp:attachment":[{"href":"https:\/\/grupoaspas.com\/index.php?rest_route=%2Fwp%2Fv2%2Fmedia&parent=1251"}],"wp:term":[{"taxonomy":"category","embeddable":true,"href":"https:\/\/grupoaspas.com\/index.php?rest_route=%2Fwp%2Fv2%2Fcategories&post=1251"},{"taxonomy":"post_tag","embeddable":true,"href":"https:\/\/grupoaspas.com\/index.php?rest_route=%2Fwp%2Fv2%2Ftags&post=1251"}],"curies":[{"name":"wp","href":"https:\/\/api.w.org\/{rel}","templated":true}]}}